{"id":5234,"date":"2018-10-14T07:36:39","date_gmt":"2018-10-14T07:36:39","guid":{"rendered":"http:\/\/www.johanna-swist.de\/wpjs\/?p=5234"},"modified":"2019-01-04T09:51:57","modified_gmt":"2019-01-04T09:51:57","slug":"telewizja-radio-i-telemedia","status":"publish","type":"post","link":"https:\/\/www.johanna-swist.de\/wpjs\/pl\/telewizja-radio-i-telemedia\/","title":{"rendered":"Telewizja, radio i telemedia"},"content":{"rendered":"<p>&nbsp;<\/p>\n<h1 style=\"text-align: center;\"><span style=\"color: #739ef4;\">Przekaz radiowy i telewizyjny a telemedia<\/span><\/h1>\n<p style=\"text-align: right;\"><button id=\"bb1\" type=\"button\" value=\"Play\" class=\"responsivevoice-button\" title=\"ResponsiveVoice Tap to Start\/Stop Speech\"><span>&#128266; S\u0142uchaj<\/span><\/button>\n        <script>\n            bb1.onclick = function(){\n                if(responsiveVoice.isPlaying()){\n                    responsiveVoice.cancel();\n                }else{\n                    responsiveVoice.speak(\"Kiedy m\u00f3wimy o nadawaniu program\u00f3w mamy przed oczami programy w radiu i telewizji. Jednak\u017ce obraz ten nie jest kompletny. Nigdy wcze\u015bniej nie by\u0142o tak \u0142atwo wytworzy\u0107 d\u017awi\u0119k lub obraz-d\u017awi\u0119k i udost\u0119pni\u0107 go publicznie. Rozszerzone mo\u017cliwo\u015bci techniczne umo\u017cliwiaj\u0105 odbi\u00f3r program\u00f3w przez smartfon lub notebook z dowolnego miejsca. Ten, kto chce udost\u0119pni\u0107 masom us\u0142ugi radiowe lub telewizyjne powinien zapozna\u0107 si\u0119 z sytuacj\u0105 prawn\u0105. Nadawanie\u00a0program\u00f3w! Nale\u017cy przede wszystkim wiedzie\u0107, \u017ce us\u0142ugi nadawcze nie mog\u0105 by\u0107 \u015bwiadczone ot tak sobie. W celu \u015bwiadcze\u0144 us\u0142ug nadawczych dostawca musi posiada\u0107 zezwolenie i otrzyma\u0107 licencj\u0119. Umowa krain o telewizji i radiofonii reguluje wymogi transmisji telewizyjnej i radiowej. Wym\u00f3g zezwolenia uwarunkowany jest ogromnym znaczeniem przekazu na r\u00f3\u017cnorodno\u015b\u0107 i formowanie opinii publicznej. Telemedia! Ale nie ka\u017cda telewizja internetowa lub radio internetowe stanowi nadawanie w rozumieniu umowy krain o telewizji i radiofonii. Mog\u0105 by\u0107 to r\u00f3wnie\u017c formy telemedi\u00f3w, kt\u00f3re nie podlegaj\u0105 jej \u015bcis\u0142ym wymogom. Zgodnie z niemieck\u0105 ustaw\u0105 o telemediach, telemedia nie podlegaj\u0105 obowi\u0105zkowi\u00a0 zezwolenia. Niemniej jednak ustawa ta nak\u0142ada na us\u0142ugodawc\u0119 pewne obowi\u0105zki, kt\u00f3rych nale\u017cy przestrzega\u0107. W przeciwnym razie grozi grzywna. Por\u00f3wnanie! Formy transmisyjne podlegaj\u0105ce umowie krain o telewizji i radiofonii s\u0105 znacznie bardziej uregulowane. Umowa krain o telewizji i radiofonii zawiera nie tylko wymogi co do zezwolenia. Telewizja i radio podlegaj\u0105 zar\u00f3wno specyfikacjom organizacyjnym, jak i odno\u015bnie tre\u015bci format\u00f3w i prgram\u00f3w. Wynika to z wielkiego znaczenia nadawania dla pluralizmu, r\u00f3\u017cnorodno\u015bci i formowania opinii w porz\u0105dku demokratycznym. Nadawcy publiczni podlegaj\u0105 znacznie wy\u017cszym wymogom ni\u017c nadawcy prywatni. Podczas gdy nadawcy publiczni musz\u0105 zaspokoi\u0107 podstawowe zapotrzebowanie, nadawcy prywatni mog\u0105 oferowa\u0107 ukierunkowane us\u0142ugi. Nie powinno sprawia\u0107 wra\u017cenia, \u017ce \u200b\u200btelemedia sa bez ogranicze\u0144, nawet je\u015bli ich dzia\u0142anie jest wolne. Obowiazki moga wynika\u0107 np. z ustawy o telemediach lub z ochrony nieletnich. Wa\u017cnymi elementami ustawy o telemediach s\u0105 ustawy dotyczace zasady odpowiedzialno\u015bci. Trzeby wymienic naruszenia osobowo\u015bci lub naruszeniach praw autorskich w internecie. Mamy nadziej\u0119, \u017ce udzielilismy kr\u00f3tki wgl\u0105d w problemy w dziedzinie emisji i telemedii. Kancelaria Swist - Adwokat w Niemczech Pa\u0144stwa prawo w naszych wiernych r\u0119kach\", \"Polish Female\");\n                }\n            };\n        <\/script>\n    <\/p>\n<p>&nbsp;<\/p>\n<p style=\"text-align: justify;\"><span style=\"color: #000000;\">Kiedy m\u00f3wimy o nadawaniu program\u00f3w mamy przed oczami programy w radiu i telewizji. Jednak\u017ce obraz ten nie jest kompletny. Nigdy wcze\u015bniej nie by\u0142o tak \u0142atwo wytworzy\u0107 d\u017awi\u0119k lub obraz-d\u017awi\u0119k i udost\u0119pni\u0107 go publicznie. Rozszerzone mo\u017cliwo\u015bci techniczne umo\u017cliwiaj\u0105 odbi\u00f3r program\u00f3w przez smartfon lub notebook z dowolnego miejsca.<\/span><\/p>\n<p style=\"text-align: justify;\"><span style=\"color: #000000;\">Ten, kto chce udost\u0119pni\u0107 masom us\u0142ugi radiowe lub telewizyjne powinien zapozna\u0107 si\u0119 z sytuacj\u0105 prawn\u0105.<\/span><\/p>\n<p>&nbsp;<\/p>\n<h2 style=\"text-align: center;\"><span style=\"color: #739ef4;\">Nadawanie\u00a0program\u00f3w!<\/span><\/h2>\n<p>&nbsp;<\/p>\n<p style=\"text-align: justify;\"><span style=\"color: #000000;\">Nale\u017cy przede wszystkim wiedzie\u0107, \u017ce us\u0142ugi nadawcze nie mog\u0105 by\u0107 \u015bwiadczone ot tak sobie. W celu \u015bwiadcze\u0144 us\u0142ug nadawczych dostawca musi posiada\u0107 zezwolenie i otrzyma\u0107 licencj\u0119. Umowa krain o telewizji i radiofonii reguluje wymogi transmisji telewizyjnej i radiowej.<\/span><\/p>\n<p style=\"text-align: justify;\"><span style=\"color: #000000;\">Wym\u00f3g zezwolenia uwarunkowany jest ogromnym znaczeniem przekazu na r\u00f3\u017cnorodno\u015b\u0107 i formowanie opinii publicznej.<\/span><\/p>\n<p>&nbsp;<\/p>\n<h2 style=\"text-align: center;\"><span style=\"color: #739ef4;\">Telemedia!<\/span><\/h2>\n<p>&nbsp;<\/p>\n<p style=\"text-align: justify;\"><span style=\"color: #000000;\">Ale nie ka\u017cda telewizja internetowa lub radio internetowe stanowi nadawanie w rozumieniu umowy krain o telewizji i radiofonii. Mog\u0105 by\u0107 to r\u00f3wnie\u017c formy telemedi\u00f3w, kt\u00f3re nie podlegaj\u0105 jej \u015bcis\u0142ym wymogom. Zgodnie z niemieck\u0105 ustaw\u0105 o telemediach, telemedia nie podlegaj\u0105 obowi\u0105zkowi\u00a0 zezwolenia. Niemniej jednak ustawa ta nak\u0142ada na us\u0142ugodawc\u0119 pewne obowi\u0105zki, kt\u00f3rych nale\u017cy przestrzega\u0107. W przeciwnym razie grozi grzywna.<\/span><\/p>\n<p>&nbsp;<\/p>\n<h2 style=\"text-align: center;\"><span style=\"color: #739ef4;\">Por\u00f3wnanie!<\/span><\/h2>\n<p>&nbsp;<\/p>\n<p style=\"text-align: justify;\"><span style=\"color: #000000;\">Formy transmisyjne podlegaj\u0105ce umowie krain o telewizji i radiofonii s\u0105 znacznie bardziej uregulowane. Umowa krain o telewizji i radiofonii zawiera nie tylko wymogi co do zezwolenia. Telewizja i radio podlegaj\u0105 zar\u00f3wno specyfikacjom organizacyjnym, jak i odno\u015bnie tre\u015bci format\u00f3w i prgram\u00f3w. Wynika to z wielkiego znaczenia nadawania dla pluralizmu, r\u00f3\u017cnorodno\u015bci i formowania opinii w porz\u0105dku demokratycznym.<\/span><\/p>\n<p style=\"text-align: justify;\"><span style=\"color: #000000;\">Nadawcy publiczni podlegaj\u0105 znacznie wy\u017cszym wymogom ni\u017c nadawcy prywatni. Podczas gdy nadawcy publiczni musz\u0105 zaspokoi\u0107 podstawowe zapotrzebowanie, nadawcy prywatni mog\u0105 oferowa\u0107 ukierunkowane us\u0142ugi.<\/span><\/p>\n<p style=\"text-align: justify;\"><span style=\"color: #000000;\">Nie powinno sprawia\u0107 wra\u017cenia, \u017ce \u200b\u200btelemedia sa bez ogranicze\u0144, nawet je\u015bli ich dzia\u0142anie jest wolne. Obowiazki moga wynika\u0107 np. z ustawy o telemediach lub z ochrony nieletnich.<\/span><\/p>\n<p style=\"text-align: justify;\"><span style=\"color: #000000;\">Wa\u017cnymi elementami ustawy o telemediach s\u0105 ustawy dotyczace zasady odpowiedzialno\u015bci. Trzeby wymienic naruszenia osobowo\u015bci lub naruszeniach praw autorskich w internecie.<\/span><\/p>\n<p style=\"text-align: justify;\"><span style=\"color: #000000;\">Mamy nadziej\u0119, \u017ce udzielilismy kr\u00f3tki wgl\u0105d w problemy w dziedzinie emisji i telemedii.<\/span><\/p>\n<p style=\"text-align: right;\"><em><span style=\"color: #000000;\">Kancelaria Swist &#8211; Adwokat w Niemczech<br \/>\nPa\u0144stwa prawo w naszych wiernych r\u0119kach <\/span><\/em><\/p>\n<p>&nbsp;<\/p>\n<p>&nbsp;<\/p>\n<p>&nbsp;<\/p>\n<p><a href=\"http:\/\/www.johanna-swist.de\/wpjs\/pl\/infoteka-prawo-nowych-mediow-w-niemczech\/\"><img loading=\"lazy\" decoding=\"async\" class=\"alignnone wp-image-3080\" src=\"http:\/\/www.johanna-swist.de\/wpjs\/wp-content\/uploads\/2018\/01\/Prawo-i-podatki-w-Niemcz-300x177.jpg\" alt=\"Telewizja, radio i telemedia \" width=\"530\" height=\"313\" srcset=\"https:\/\/www.johanna-swist.de\/wpjs\/wp-content\/uploads\/2018\/01\/Prawo-i-podatki-w-Niemcz-300x177.jpg 300w, https:\/\/www.johanna-swist.de\/wpjs\/wp-content\/uploads\/2018\/01\/Prawo-i-podatki-w-Niemcz-768x452.jpg 768w, https:\/\/www.johanna-swist.de\/wpjs\/wp-content\/uploads\/2018\/01\/Prawo-i-podatki-w-Niemcz-1024x603.jpg 1024w\" sizes=\"auto, (max-width: 530px) 100vw, 530px\" \/><\/a><\/p>\n<p>&nbsp;<\/p>\n<p>&nbsp;<\/p>\n<p style=\"text-align: justify;\"><div class=\"specialtext-content-left effect\"><\/p>\n<h3 style=\"text-align: center;\">Prosimy o kontakt!Tel.: <span style=\"color: #1414ff;\">+49 (0) 211 &#8211; 8759\u00a0 \u00a08066<\/span><\/h3>\n<p><\/div><\/p>\n","protected":false},"excerpt":{"rendered":"<p>&nbsp; Przekaz radiowy i telewizyjny a telemedia &nbsp; &nbsp; &nbsp; &nbsp; &nbsp;<\/p>\n","protected":false},"author":1,"featured_media":0,"comment_status":"closed","ping_status":"closed","sticky":false,"template":"","format":"standard","meta":{"om_disable_all_campaigns":false,"_monsterinsights_skip_tracking":false,"_monsterinsights_sitenote_active":false,"_monsterinsights_sitenote_note":"","_monsterinsights_sitenote_category":0,"_uf_show_specific_survey":0,"_uf_disable_surveys":false,"footnotes":""},"categories":[555],"tags":[],"class_list":["post-5234","post","type-post","status-publish","format-standard","hentry","category-prawo-nowych-mediow-w-niemczech"],"yoast_head":"<!-- This site is optimized with the Yoast SEO plugin v27.3 - https:\/\/yoast.com\/product\/yoast-seo-wordpress\/ -->\n<title>Telewizja, radio i telemedia | Adwokat w Niemczech<\/title>\n<meta name=\"robots\" content=\"index, follow, max-snippet:-1, max-image-preview:large, max-video-preview:-1\" \/>\n<link rel=\"canonical\" href=\"https:\/\/www.johanna-swist.de\/wpjs\/pl\/telewizja-radio-i-telemedia\/\" \/>\n<meta property=\"og:locale\" content=\"de_DE\" \/>\n<meta property=\"og:type\" content=\"article\" \/>\n<meta property=\"og:title\" content=\"Telewizja, radio i telemedia | Adwokat w Niemczech\" \/>\n<meta property=\"og:description\" content=\"&nbsp; Przekaz radiowy i telewizyjny a telemedia &nbsp; &nbsp; &nbsp; &nbsp; &nbsp;\" \/>\n<meta property=\"og:url\" content=\"https:\/\/www.johanna-swist.de\/wpjs\/pl\/telewizja-radio-i-telemedia\/\" \/>\n<meta property=\"og:site_name\" content=\"swist.legal\" \/>\n<meta property=\"article:published_time\" content=\"2018-10-14T07:36:39+00:00\" \/>\n<meta property=\"article:modified_time\" content=\"2019-01-04T09:51:57+00:00\" \/>\n<meta property=\"og:image\" content=\"http:\/\/www.johanna-swist.de\/wpjs\/wp-content\/uploads\/2018\/01\/Prawo-i-podatki-w-Niemcz-300x177.jpg\" \/>\n<meta name=\"author\" content=\"wpjs\" \/>\n<meta name=\"twitter:card\" content=\"summary_large_image\" \/>\n<meta name=\"twitter:label1\" content=\"Verfasst von\" \/>\n\t<meta name=\"twitter:data1\" content=\"wpjs\" \/>\n\t<meta name=\"twitter:label2\" content=\"Gesch\u00e4tzte Lesezeit\" \/>\n\t<meta name=\"twitter:data2\" content=\"2\u00a0Minuten\" \/>\n<script type=\"application\/ld+json\" class=\"yoast-schema-graph\">{\"@context\":\"https:\\\/\\\/schema.org\",\"@graph\":[{\"@type\":\"Article\",\"@id\":\"https:\\\/\\\/www.johanna-swist.de\\\/wpjs\\\/pl\\\/telewizja-radio-i-telemedia\\\/#article\",\"isPartOf\":{\"@id\":\"https:\\\/\\\/www.johanna-swist.de\\\/wpjs\\\/pl\\\/telewizja-radio-i-telemedia\\\/\"},\"author\":{\"name\":\"wpjs\",\"@id\":\"https:\\\/\\\/www.johanna-swist.de\\\/wpjs\\\/#\\\/schema\\\/person\\\/d0b7dc1b14f1e65d36b522e50ad3fc88\"},\"headline\":\"Telewizja, radio i telemedia\",\"datePublished\":\"2018-10-14T07:36:39+00:00\",\"dateModified\":\"2019-01-04T09:51:57+00:00\",\"mainEntityOfPage\":{\"@id\":\"https:\\\/\\\/www.johanna-swist.de\\\/wpjs\\\/pl\\\/telewizja-radio-i-telemedia\\\/\"},\"wordCount\":418,\"publisher\":{\"@id\":\"https:\\\/\\\/www.johanna-swist.de\\\/wpjs\\\/#organization\"},\"image\":{\"@id\":\"https:\\\/\\\/www.johanna-swist.de\\\/wpjs\\\/pl\\\/telewizja-radio-i-telemedia\\\/#primaryimage\"},\"thumbnailUrl\":\"http:\\\/\\\/www.johanna-swist.de\\\/wpjs\\\/wp-content\\\/uploads\\\/2018\\\/01\\\/Prawo-i-podatki-w-Niemcz-300x177.jpg\",\"articleSection\":[\"IP: Prawo nowych medi\u00f3w\"],\"inLanguage\":\"de\"},{\"@type\":\"WebPage\",\"@id\":\"https:\\\/\\\/www.johanna-swist.de\\\/wpjs\\\/pl\\\/telewizja-radio-i-telemedia\\\/\",\"url\":\"https:\\\/\\\/www.johanna-swist.de\\\/wpjs\\\/pl\\\/telewizja-radio-i-telemedia\\\/\",\"name\":\"Telewizja, radio i telemedia | Adwokat w Niemczech\",\"isPartOf\":{\"@id\":\"https:\\\/\\\/www.johanna-swist.de\\\/wpjs\\\/#website\"},\"primaryImageOfPage\":{\"@id\":\"https:\\\/\\\/www.johanna-swist.de\\\/wpjs\\\/pl\\\/telewizja-radio-i-telemedia\\\/#primaryimage\"},\"image\":{\"@id\":\"https:\\\/\\\/www.johanna-swist.de\\\/wpjs\\\/pl\\\/telewizja-radio-i-telemedia\\\/#primaryimage\"},\"thumbnailUrl\":\"http:\\\/\\\/www.johanna-swist.de\\\/wpjs\\\/wp-content\\\/uploads\\\/2018\\\/01\\\/Prawo-i-podatki-w-Niemcz-300x177.jpg\",\"datePublished\":\"2018-10-14T07:36:39+00:00\",\"dateModified\":\"2019-01-04T09:51:57+00:00\",\"breadcrumb\":{\"@id\":\"https:\\\/\\\/www.johanna-swist.de\\\/wpjs\\\/pl\\\/telewizja-radio-i-telemedia\\\/#breadcrumb\"},\"inLanguage\":\"de\",\"potentialAction\":[{\"@type\":\"ReadAction\",\"target\":[\"https:\\\/\\\/www.johanna-swist.de\\\/wpjs\\\/pl\\\/telewizja-radio-i-telemedia\\\/\"]}]},{\"@type\":\"ImageObject\",\"inLanguage\":\"de\",\"@id\":\"https:\\\/\\\/www.johanna-swist.de\\\/wpjs\\\/pl\\\/telewizja-radio-i-telemedia\\\/#primaryimage\",\"url\":\"https:\\\/\\\/www.johanna-swist.de\\\/wpjs\\\/wp-content\\\/uploads\\\/2018\\\/01\\\/Prawo-i-podatki-w-Niemcz.jpg\",\"contentUrl\":\"https:\\\/\\\/www.johanna-swist.de\\\/wpjs\\\/wp-content\\\/uploads\\\/2018\\\/01\\\/Prawo-i-podatki-w-Niemcz.jpg\",\"width\":2583,\"height\":1521},{\"@type\":\"BreadcrumbList\",\"@id\":\"https:\\\/\\\/www.johanna-swist.de\\\/wpjs\\\/pl\\\/telewizja-radio-i-telemedia\\\/#breadcrumb\",\"itemListElement\":[{\"@type\":\"ListItem\",\"position\":1,\"name\":\"Startseite\",\"item\":\"http:\\\/\\\/www.johanna-swist.de\\\/wpjs\\\/pl\\\/kancelaria-2\\\/\"},{\"@type\":\"ListItem\",\"position\":2,\"name\":\"Telewizja, radio i telemedia\"}]},{\"@type\":\"WebSite\",\"@id\":\"https:\\\/\\\/www.johanna-swist.de\\\/wpjs\\\/#website\",\"url\":\"https:\\\/\\\/www.johanna-swist.de\\\/wpjs\\\/\",\"name\":\"swist.legal\",\"description\":\"\",\"publisher\":{\"@id\":\"https:\\\/\\\/www.johanna-swist.de\\\/wpjs\\\/#organization\"},\"potentialAction\":[{\"@type\":\"SearchAction\",\"target\":{\"@type\":\"EntryPoint\",\"urlTemplate\":\"https:\\\/\\\/www.johanna-swist.de\\\/wpjs\\\/?s={search_term_string}\"},\"query-input\":{\"@type\":\"PropertyValueSpecification\",\"valueRequired\":true,\"valueName\":\"search_term_string\"}}],\"inLanguage\":\"de\"},{\"@type\":\"Organization\",\"@id\":\"https:\\\/\\\/www.johanna-swist.de\\\/wpjs\\\/#organization\",\"name\":\"swist.legal\",\"url\":\"https:\\\/\\\/www.johanna-swist.de\\\/wpjs\\\/\",\"logo\":{\"@type\":\"ImageObject\",\"inLanguage\":\"de\",\"@id\":\"https:\\\/\\\/www.johanna-swist.de\\\/wpjs\\\/#\\\/schema\\\/logo\\\/image\\\/\",\"url\":\"https:\\\/\\\/www.johanna-swist.de\\\/wpjs\\\/wp-content\\\/uploads\\\/2022\\\/04\\\/cropped-cropped-Logo-1-1.jpg\",\"contentUrl\":\"https:\\\/\\\/www.johanna-swist.de\\\/wpjs\\\/wp-content\\\/uploads\\\/2022\\\/04\\\/cropped-cropped-Logo-1-1.jpg\",\"width\":512,\"height\":512,\"caption\":\"swist.legal\"},\"image\":{\"@id\":\"https:\\\/\\\/www.johanna-swist.de\\\/wpjs\\\/#\\\/schema\\\/logo\\\/image\\\/\"}},{\"@type\":\"Person\",\"@id\":\"https:\\\/\\\/www.johanna-swist.de\\\/wpjs\\\/#\\\/schema\\\/person\\\/d0b7dc1b14f1e65d36b522e50ad3fc88\",\"name\":\"wpjs\",\"image\":{\"@type\":\"ImageObject\",\"inLanguage\":\"de\",\"@id\":\"https:\\\/\\\/secure.gravatar.com\\\/avatar\\\/be04adcded5f1f62131e2872eac201e5485665acea15fe47c8974419e69bfce9?s=96&d=mm&r=g\",\"url\":\"https:\\\/\\\/secure.gravatar.com\\\/avatar\\\/be04adcded5f1f62131e2872eac201e5485665acea15fe47c8974419e69bfce9?s=96&d=mm&r=g\",\"contentUrl\":\"https:\\\/\\\/secure.gravatar.com\\\/avatar\\\/be04adcded5f1f62131e2872eac201e5485665acea15fe47c8974419e69bfce9?s=96&d=mm&r=g\",\"caption\":\"wpjs\"},\"url\":\"https:\\\/\\\/www.johanna-swist.de\\\/wpjs\\\/author\\\/wpjs\\\/\"}]}<\/script>\n<!-- \/ Yoast SEO plugin. -->","yoast_head_json":{"title":"Telewizja, radio i telemedia | Adwokat w Niemczech","robots":{"index":"index","follow":"follow","max-snippet":"max-snippet:-1","max-image-preview":"max-image-preview:large","max-video-preview":"max-video-preview:-1"},"canonical":"https:\/\/www.johanna-swist.de\/wpjs\/pl\/telewizja-radio-i-telemedia\/","og_locale":"de_DE","og_type":"article","og_title":"Telewizja, radio i telemedia | Adwokat w Niemczech","og_description":"&nbsp; Przekaz radiowy i telewizyjny a telemedia &nbsp; &nbsp; &nbsp; &nbsp; &nbsp;","og_url":"https:\/\/www.johanna-swist.de\/wpjs\/pl\/telewizja-radio-i-telemedia\/","og_site_name":"swist.legal","article_published_time":"2018-10-14T07:36:39+00:00","article_modified_time":"2019-01-04T09:51:57+00:00","og_image":[{"url":"http:\/\/www.johanna-swist.de\/wpjs\/wp-content\/uploads\/2018\/01\/Prawo-i-podatki-w-Niemcz-300x177.jpg","type":"","width":"","height":""}],"author":"wpjs","twitter_card":"summary_large_image","twitter_misc":{"Verfasst von":"wpjs","Gesch\u00e4tzte Lesezeit":"2\u00a0Minuten"},"schema":{"@context":"https:\/\/schema.org","@graph":[{"@type":"Article","@id":"https:\/\/www.johanna-swist.de\/wpjs\/pl\/telewizja-radio-i-telemedia\/#article","isPartOf":{"@id":"https:\/\/www.johanna-swist.de\/wpjs\/pl\/telewizja-radio-i-telemedia\/"},"author":{"name":"wpjs","@id":"https:\/\/www.johanna-swist.de\/wpjs\/#\/schema\/person\/d0b7dc1b14f1e65d36b522e50ad3fc88"},"headline":"Telewizja, radio i telemedia","datePublished":"2018-10-14T07:36:39+00:00","dateModified":"2019-01-04T09:51:57+00:00","mainEntityOfPage":{"@id":"https:\/\/www.johanna-swist.de\/wpjs\/pl\/telewizja-radio-i-telemedia\/"},"wordCount":418,"publisher":{"@id":"https:\/\/www.johanna-swist.de\/wpjs\/#organization"},"image":{"@id":"https:\/\/www.johanna-swist.de\/wpjs\/pl\/telewizja-radio-i-telemedia\/#primaryimage"},"thumbnailUrl":"http:\/\/www.johanna-swist.de\/wpjs\/wp-content\/uploads\/2018\/01\/Prawo-i-podatki-w-Niemcz-300x177.jpg","articleSection":["IP: Prawo nowych medi\u00f3w"],"inLanguage":"de"},{"@type":"WebPage","@id":"https:\/\/www.johanna-swist.de\/wpjs\/pl\/telewizja-radio-i-telemedia\/","url":"https:\/\/www.johanna-swist.de\/wpjs\/pl\/telewizja-radio-i-telemedia\/","name":"Telewizja, radio i telemedia | Adwokat w Niemczech","isPartOf":{"@id":"https:\/\/www.johanna-swist.de\/wpjs\/#website"},"primaryImageOfPage":{"@id":"https:\/\/www.johanna-swist.de\/wpjs\/pl\/telewizja-radio-i-telemedia\/#primaryimage"},"image":{"@id":"https:\/\/www.johanna-swist.de\/wpjs\/pl\/telewizja-radio-i-telemedia\/#primaryimage"},"thumbnailUrl":"http:\/\/www.johanna-swist.de\/wpjs\/wp-content\/uploads\/2018\/01\/Prawo-i-podatki-w-Niemcz-300x177.jpg","datePublished":"2018-10-14T07:36:39+00:00","dateModified":"2019-01-04T09:51:57+00:00","breadcrumb":{"@id":"https:\/\/www.johanna-swist.de\/wpjs\/pl\/telewizja-radio-i-telemedia\/#breadcrumb"},"inLanguage":"de","potentialAction":[{"@type":"ReadAction","target":["https:\/\/www.johanna-swist.de\/wpjs\/pl\/telewizja-radio-i-telemedia\/"]}]},{"@type":"ImageObject","inLanguage":"de","@id":"https:\/\/www.johanna-swist.de\/wpjs\/pl\/telewizja-radio-i-telemedia\/#primaryimage","url":"https:\/\/www.johanna-swist.de\/wpjs\/wp-content\/uploads\/2018\/01\/Prawo-i-podatki-w-Niemcz.jpg","contentUrl":"https:\/\/www.johanna-swist.de\/wpjs\/wp-content\/uploads\/2018\/01\/Prawo-i-podatki-w-Niemcz.jpg","width":2583,"height":1521},{"@type":"BreadcrumbList","@id":"https:\/\/www.johanna-swist.de\/wpjs\/pl\/telewizja-radio-i-telemedia\/#breadcrumb","itemListElement":[{"@type":"ListItem","position":1,"name":"Startseite","item":"http:\/\/www.johanna-swist.de\/wpjs\/pl\/kancelaria-2\/"},{"@type":"ListItem","position":2,"name":"Telewizja, radio i telemedia"}]},{"@type":"WebSite","@id":"https:\/\/www.johanna-swist.de\/wpjs\/#website","url":"https:\/\/www.johanna-swist.de\/wpjs\/","name":"swist.legal","description":"","publisher":{"@id":"https:\/\/www.johanna-swist.de\/wpjs\/#organization"},"potentialAction":[{"@type":"SearchAction","target":{"@type":"EntryPoint","urlTemplate":"https:\/\/www.johanna-swist.de\/wpjs\/?s={search_term_string}"},"query-input":{"@type":"PropertyValueSpecification","valueRequired":true,"valueName":"search_term_string"}}],"inLanguage":"de"},{"@type":"Organization","@id":"https:\/\/www.johanna-swist.de\/wpjs\/#organization","name":"swist.legal","url":"https:\/\/www.johanna-swist.de\/wpjs\/","logo":{"@type":"ImageObject","inLanguage":"de","@id":"https:\/\/www.johanna-swist.de\/wpjs\/#\/schema\/logo\/image\/","url":"https:\/\/www.johanna-swist.de\/wpjs\/wp-content\/uploads\/2022\/04\/cropped-cropped-Logo-1-1.jpg","contentUrl":"https:\/\/www.johanna-swist.de\/wpjs\/wp-content\/uploads\/2022\/04\/cropped-cropped-Logo-1-1.jpg","width":512,"height":512,"caption":"swist.legal"},"image":{"@id":"https:\/\/www.johanna-swist.de\/wpjs\/#\/schema\/logo\/image\/"}},{"@type":"Person","@id":"https:\/\/www.johanna-swist.de\/wpjs\/#\/schema\/person\/d0b7dc1b14f1e65d36b522e50ad3fc88","name":"wpjs","image":{"@type":"ImageObject","inLanguage":"de","@id":"https:\/\/secure.gravatar.com\/avatar\/be04adcded5f1f62131e2872eac201e5485665acea15fe47c8974419e69bfce9?s=96&d=mm&r=g","url":"https:\/\/secure.gravatar.com\/avatar\/be04adcded5f1f62131e2872eac201e5485665acea15fe47c8974419e69bfce9?s=96&d=mm&r=g","contentUrl":"https:\/\/secure.gravatar.com\/avatar\/be04adcded5f1f62131e2872eac201e5485665acea15fe47c8974419e69bfce9?s=96&d=mm&r=g","caption":"wpjs"},"url":"https:\/\/www.johanna-swist.de\/wpjs\/author\/wpjs\/"}]}},"_links":{"self":[{"href":"https:\/\/www.johanna-swist.de\/wpjs\/wp-json\/wp\/v2\/posts\/5234","targetHints":{"allow":["GET"]}}],"collection":[{"href":"https:\/\/www.johanna-swist.de\/wpjs\/wp-json\/wp\/v2\/posts"}],"about":[{"href":"https:\/\/www.johanna-swist.de\/wpjs\/wp-json\/wp\/v2\/types\/post"}],"author":[{"embeddable":true,"href":"https:\/\/www.johanna-swist.de\/wpjs\/wp-json\/wp\/v2\/users\/1"}],"replies":[{"embeddable":true,"href":"https:\/\/www.johanna-swist.de\/wpjs\/wp-json\/wp\/v2\/comments?post=5234"}],"version-history":[{"count":11,"href":"https:\/\/www.johanna-swist.de\/wpjs\/wp-json\/wp\/v2\/posts\/5234\/revisions"}],"predecessor-version":[{"id":5569,"href":"https:\/\/www.johanna-swist.de\/wpjs\/wp-json\/wp\/v2\/posts\/5234\/revisions\/5569"}],"wp:attachment":[{"href":"https:\/\/www.johanna-swist.de\/wpjs\/wp-json\/wp\/v2\/media?parent=5234"}],"wp:term":[{"taxonomy":"category","embeddable":true,"href":"https:\/\/www.johanna-swist.de\/wpjs\/wp-json\/wp\/v2\/categories?post=5234"},{"taxonomy":"post_tag","embeddable":true,"href":"https:\/\/www.johanna-swist.de\/wpjs\/wp-json\/wp\/v2\/tags?post=5234"}],"curies":[{"name":"wp","href":"https:\/\/api.w.org\/{rel}","templated":true}]}}