{"id":8628,"date":"2026-01-01T13:44:23","date_gmt":"2026-01-01T13:44:23","guid":{"rendered":"https:\/\/www.johanna-swist.de\/wpjs\/?p=8628"},"modified":"2026-01-01T14:44:52","modified_gmt":"2026-01-01T14:44:52","slug":"roszczenie-o-usuniecie-kamery","status":"publish","type":"post","link":"http:\/\/www.johanna-swist.de\/wpjs\/pl\/roszczenie-o-usuniecie-kamery\/","title":{"rendered":"Prawo do obrazu: roszczenie o usuni\u0119cie kamery, S\u0105d Rejonowy w K\u00f6nigswinter, 31 C 21\/09, 14.04.2010 r."},"content":{"rendered":"<p>&nbsp;<\/p>\n<h1 style=\"text-align: center;\"><span style=\"color: #0d0063;\">Roszczenie o usuni\u0119cie kamery<\/span><\/h1>\n<p>&nbsp;<\/p>\n<p style=\"text-align: justify;\"><span style=\"color: #000000;\">Dzisiaj przedstawiamy Pa\u0144stwu orzeczenie S\u0105du Rejonowego w K\u00f6nigswinter <span style=\"color: #080060;\">(<strong>AG K\u00f6nigswinter, 31 C 21\/09, z dnia 14.04.2010 r.<\/strong>)<\/span>. Dotyczy ono instalacji kamer monitoringu oraz prawa s\u0105siad\u00f3w do \u017c\u0105dania ich usuni\u0119cia. \u00a0<\/span><\/p>\n<p>&nbsp;<\/p>\n<h3 style=\"text-align: justify;\"><span style=\"color: #0d0063;\">Stan faktyczny: Roszczenie o usuni\u0119cie kamery<\/span><\/h3>\n<p>&nbsp;<\/p>\n<p style=\"text-align: justify;\"><span style=\"color: #000000;\">\u00a0W ramach wsp\u00f3lnoty mieszkaniowej w\u0142a\u015bciciele zainstalowali dwie kamery monitoringu pod dachem swojego budynku. Inni w\u0142a\u015bciciele za\u017c\u0105dali ich usuni\u0119cia w drodze pow\u00f3dztwa wzajemnego. Pozwani argumentowali, \u017ce kamery s\u0105 skierowane wy\u0142\u0105cznie na ich w\u0142asno\u015b\u0107 odr\u0119bn\u0105 i s\u0142u\u017c\u0105 ochronie przed kradzie\u017c\u0105 oraz wandalizmem.<\/span><\/p>\n<p style=\"text-align: justify;\"><span style=\"color: #000000;\"><span style=\"color: #080060;\"><strong>Kluczowe pytanie:<\/strong><\/span> <\/span><\/p>\n<p style=\"text-align: justify;\"><span style=\"color: #000000;\">Czy kamery monitoringu musz\u0105 zosta\u0107 usuni\u0119te nawet wtedy, gdy aktualnie s\u0105 skierowane wy\u0142\u0105cznie na w\u0142asno\u015b\u0107 odr\u0119bn\u0105 instaluj\u0105cego, ale zasadniczo mog\u0142yby zosta\u0107 przestawione tak, aby rejestrowa\u0107 cudz\u0105 w\u0142asno\u015b\u0107?<\/span><\/p>\n<p>&nbsp;<\/p>\n<h3 style=\"text-align: justify;\"><span style=\"color: #0d0063;\">Rozstrzygni\u0119cie: Roszczenie o usuni\u0119cie kamery<\/span><\/h3>\n<p>&nbsp;<\/p>\n<p style=\"text-align: justify;\"><span style=\"color: #000000;\">\u00a0S\u0105d nakaza\u0142 pozwanym usuni\u0119cie kamer.<\/span><\/p>\n<p style=\"text-align: justify;\"><span style=\"color: #080060;\"><strong>G\u0142\u00f3wna argumentacja:<\/strong><\/span><\/p>\n<ul style=\"text-align: justify;\">\n<li><span style=\"color: #000000;\"><span style=\"color: #080060;\"><strong>Decyduj\u0105ca jest potencjalna mo\u017cliwo\u015b\u0107 u\u017cycia:<\/strong><\/span><br \/>\nNie jest miarodajne faktyczne ustawienie kamery, lecz jej potencjalna zdolno\u015b\u0107 do rejestrowania cudzej w\u0142asno\u015bci odr\u0119bnej lub nieruchomo\u015bci wsp\u00f3lnej. Zdolno\u015b\u0107 ta istnieje nawet wtedy, gdy zmiana ustawienia wymaga pewnego nak\u0142adu pracy.<\/span><\/li>\n<li><span style=\"color: #000000;\"><span style=\"color: #080060;\"><strong>Sta\u0142a presja monitoringu:<\/strong><\/span><br \/>\nSamo istnienie kamer sprawiaj\u0105cych wra\u017cenie sprawnych technicznie wywo\u0142uje u s\u0105siad\u00f3w sta\u0142\u0105 presj\u0119 monitoringu i ingeruje w ich og\u00f3lne dobra osobiste oraz prawo do w\u0142asnego wizerunku. Sama obecno\u015b\u0107 kamer wp\u0142ywa na zachowanie postronnego obserwatora.<\/span><\/li>\n<li><span style=\"color: #000000;\"><span style=\"color: #080060;\"><strong>Obowi\u0105zek kontroli jest nie do zaakceptowania:<\/strong><\/span><br \/>\nPoszkodowani w\u0142a\u015bciciele musieliby stale sprawdza\u0107, czy kamery s\u0105 nadal ustawione zgodnie z deklaracjami. Takie niejasno\u015bci co do gotowo\u015bci operacyjnej i obszaru monitorowania musz\u0105 \u2013 w celu zapewnienia skutecznej ochrony prawnej \u2013 obci\u0105\u017ca\u0107 u\u017cytkownika kamery.<\/span><\/li>\n<li><span style=\"color: #000000;\"><span style=\"color: #080060;\"><strong>Brak uzasadnienia:<\/strong><br \/>\n<\/span><\/span><span style=\"color: #000000;\">Deklarowana ochrona przed wandalizmem i kradzie\u017c\u0105 nie uzasadnia monitoringu. Za \u015bciganie przest\u0119pstw odpowiedzialne s\u0105 organy pa\u0144stwowe, a nie osoby prywatne.<\/span><\/li>\n<\/ul>\n<p>&nbsp;<\/p>\n<h3 style=\"text-align: justify;\"><span style=\"color: #0d0063;\">Wynik: Roszczenie o usuni\u0119cie kamery<\/span><\/h3>\n<p>&nbsp;<\/p>\n<p style=\"text-align: justify;\"><span style=\"color: #000000;\">Roszczenie o usuni\u0119cie by\u0142o zatem uzasadnione na podstawie \u00a7 1004 BGB w zw. z art. 22 ust. 1 zd. 1, art. 15 ust. 3, art. 14 pkt 1 WEG (niemieckiej ustawy o w\u0142asno\u015bci lokali).<\/span><\/p>\n<p>&nbsp;<\/p>\n<p style=\"text-align: right;\"><span style=\"color: #000000;\">Dane procesowe:<br \/>\n<\/span><span style=\"color: #000000;\"><a style=\"color: #000000;\" href=\"https:\/\/nrwe.justiz.nrw.de\/lgs\/bonn\/ag_koenigswinter\/j2010\/31_C_21_09urteil20100414.html\">S\u0105d: S\u0105d Rejonowy w K\u00f6nigswinter (Amtsgericht K\u00f6nigswinter)<\/a><br \/>\nRodzaj orzeczenia: Wyrok Sygnatura akt: 31 C 21\/09<br \/>\nECLI: DE:AGSU2:2010:0414.31C21.09.00<br \/>\nData orzeczenia: 14.04.2010 r.<\/span><\/p>\n<p>&nbsp;<\/p>\n<h2 style=\"text-align: center;\"><span style=\"color: #0d0063;\">Wskaz\u00f3wki dla w\u0142a\u015bcicieli:<\/span><\/h2>\n<p>&nbsp;<\/p>\n<p style=\"text-align: justify;\"><span style=\"color: #000000;\">\u00a0 Instalacja kamery jest zawsze problematyczna pod wzgl\u0119dem prawnym. Stanowi ona klasyczne pole konfliktu mi\u0119dzy <strong>prawem w\u0142asno\u015bci<\/strong> (ochrona mienia) a <strong>og\u00f3lnymi dobrami osobistymi<\/strong> (ochrona prywatno\u015bci innych os\u00f3b). Aby monitoring wizyjny by\u0142 w Niemczech dopuszczalny (zgodnie z RODO\/DSGVO oraz BDSG), musz\u0105 zosta\u0107 spe\u0142nione nast\u0119puj\u0105ce warunki:<\/span><\/p>\n<p>&nbsp;<\/p>\n<h5><span style=\"color: #000000;\"><span style=\"color: #0d0063;\">1. \u201eUzasadniony interes\u201d<\/span><strong><br \/>\n<\/strong><\/span><\/h5>\n<p><span style=\"color: #000000;\">Potrzebny jest konkretny pow\u00f3d. Niejasne poczucie niebezpiecze\u0144stwa to za ma\u0142o. Dopuszczalne powody to:<\/span><\/p>\n<ul style=\"text-align: justify;\">\n<li><span style=\"color: #000000;\"><span style=\"color: #080060;\"><strong>Ochrona mienia:<\/strong> <\/span>Ochrona przed k\u0142amstwami, wandalizmem lub graffiti.<\/span><\/li>\n<li><span style=\"color: #000000;\"><span style=\"color: #080060;\"><strong>Zapobieganie zagro\u017ceniom:<\/strong><\/span> Ochrona os\u00f3b na terenie posesji.<\/span><\/li>\n<li><span style=\"color: #000000;\"><span style=\"color: #080060;\"><strong>Zabezpieczenie dowod\u00f3w:<\/strong><\/span> Je\u015bli dochodzi\u0142o ju\u017c wcze\u015bniej do incydent\u00f3w (np. uszkodzenia mienia)<\/span><\/li>\n<\/ul>\n<p>&nbsp;<\/p>\n<h5><span style=\"color: #0d0063;\">2. Ograniczenie przestrzenne (Najwa\u017cniejszy punkt)<\/span><\/h5>\n<p>&nbsp;<\/p>\n<p style=\"padding-left: 40px;\"><span style=\"color: #000000;\">Kamera mo\u017ce zasadniczo rejestrowa\u0107 <span style=\"color: #080060;\"><strong>tylko w\u0142asn\u0105 posesj\u0119<\/strong>.<\/span><\/span><\/p>\n<ul style=\"text-align: justify;\">\n<li><span style=\"color: #000000;\"><span style=\"color: #080060;\"><strong>Strefy zakazane:<\/strong><\/span> Publiczne chodniki, ulice, posesje s\u0105siad\u00f3w lub wsp\u00f3lne drogi dojazdowe w domach wielorodzinnych nie mog\u0105 znajdowa\u0107 si\u0119 w kadrze.<\/span><\/li>\n<li><span style=\"color: #000000;\"><span style=\"color: #080060;\"><strong>Kamery kopu\u0142kowe (Dome):<\/strong><\/span> S\u0105 one cz\u0119sto problematyczne, poniewa\u017c osoby postronne nie widz\u0105, w kt\u00f3r\u0105 stron\u0119 skierowany jest obiektyw, co mo\u017ce wywo\u0142ywa\u0107 niedopuszczaln\u0105 \u201epresj\u0119 monitoringu\u201d.<\/span><\/li>\n<\/ul>\n<p>&nbsp;<\/p>\n<h5><span style=\"color: #0d0063;\">3. Proporcjonalno\u015b\u0107 i \u0142agodniejsze \u015brodki <\/span><\/h5>\n<p>&nbsp;<\/p>\n<p style=\"padding-left: 40px;\"><span style=\"color: #000000;\">Monitoring musi by\u0107 \u015brodkiem ostatecznym. Nale\u017cy wcze\u015bniej sprawdzi\u0107:<\/span><\/p>\n<ul style=\"text-align: justify;\">\n<li><span style=\"color: #000000;\">Czy wystarczy lepsze o\u015bwietlenie (czujniki ruchu)?<\/span><\/li>\n<li><span style=\"color: #000000;\">Czy wystarcz\u0105 zabezpieczenia mechaniczne (lepsze zamki)?<\/span><\/li>\n<li><span style=\"color: #000000;\">Czy kamer\u0119 mo\u017cna ustawi\u0107 tak, aby nagrywa\u0142a tylko po wykryciu ruchu, zamiast pracowa\u0107 w trybie 24\/7<\/span><\/li>\n<\/ul>\n<p>&nbsp;<\/p>\n<h5><span style=\"color: #0d0063;\">4. Obowi\u0105zek informacyjny (Tabliczka informacyjna)<\/span><\/h5>\n<p>&nbsp;<\/p>\n<p style=\"padding-left: 40px;\"><span style=\"color: #000000;\">Osoby, kt\u00f3rych to dotyczy, musz\u0105 wiedzie\u0107 o filmowaniu <em>zanim<\/em> wejd\u0105 w zasi\u0119g kamery. Tabliczka jest obowi\u0105zkowa i musi zawiera\u0107:<\/span><\/p>\n<ul style=\"text-align: justify;\">\n<li><span style=\"color: #000000;\">Symbol kamery.<\/span><\/li>\n<li><span style=\"color: #000000;\">Dane administratora (imi\u0119, nazwisko, kontakt).<\/span><\/li>\n<li><span style=\"color: #000000;\">Cel monitoringu.<\/span><\/li>\n<li><span style=\"color: #000000;\">Informacj\u0119 o prawach os\u00f3b, kt\u00f3rych dane dotycz\u0105 (np. okres przechowywania).<\/span><\/li>\n<\/ul>\n<p>&nbsp;<\/p>\n<h5><span style=\"color: #0d0063;\">5. Okres przechowywania<\/span><\/h5>\n<p>&nbsp;<\/p>\n<p style=\"padding-left: 40px;\"><span style=\"color: #000000;\">Nagrania nie mog\u0105 by\u0107 przechowywane w niesko\u0144czono\u015b\u0107. Przyjmuje si\u0119 zasad\u0119: <span style=\"color: #080060;\"><strong>usuwanie po 48 do maksymalnie 72 godzinach<\/strong>,<\/span> chyba \u017ce konkretny incydent (np. w\u0142amanie) uzasadnia d\u0142u\u017csze przechowywanie jako dow\u00f3d.<\/span><\/p>\n<p>&nbsp;<\/p>\n<h5><span style=\"color: #0d0063;\">6. Przypadek szczeg\u00f3lny: Dom wielorodzinny \/ Wsp\u00f3lnota mieszkaniowa (WEG) <\/span><\/h5>\n<p>&nbsp;<\/p>\n<p style=\"padding-left: 40px;\"><span style=\"color: #000000;\">W budynkach wielorodzinnych sytuacja prawna jest znacznie surowsza:<\/span><\/p>\n<ul style=\"text-align: justify;\">\n<li><span style=\"color: #000000;\"><span style=\"color: #080060;\"><strong>Drzwi wej\u015bciowe\/Klatka schodowa:<\/strong><\/span> W\u0142a\u015bciciel nie mo\u017ce bez wyra\u017anego powodu filmowa\u0107 wsp\u00f3lnego korytarza, gdy\u017c narusza to dobra osobiste s\u0105siad\u00f3w.<\/span><\/li>\n<li><span style=\"color: #000000;\"><span style=\"color: #080060;\"><strong>Zgoda:<\/strong><\/span> Z regu\u0142y wymagana jest jednomy\u015blna uchwa\u0142a wsp\u00f3lnoty lub zgoda wszystkich lokator\u00f3w, je\u015bli monitorowane maj\u0105 by\u0107 cz\u0119\u015bci wsp\u00f3lne.<\/span><\/li>\n<\/ul>\n<p>&nbsp;<\/p>\n<h2 style=\"text-align: center;\"><span style=\"color: #080060;\">Kontakt do Kancelarii swist.legal w Niemczech<\/span><\/h2>\n<p>&nbsp;<\/p>\n<p style=\"text-align: justify;\"><span style=\"color: #000000;\">Je\u015bli zaistnieje problem prawny, w kt\u00f3rym mo\u017ce pom\u00f3c adwokat, prosimy o kontakt.<\/span><\/p>\n<p>&nbsp;<\/p>\n<p>&nbsp;<\/p>\n<p style=\"text-align: justify;\"><div class=\"specialtext-content-left effect\"><\/p>\n<h3 style=\"text-align: center;\"><span style=\"color: #000000;\">Prosimy o wys\u0142anie e-maila na nasz adres z opisem problemu:<br \/>\n<\/span><span style=\"color: #487693;\">sekretariat@johanna-swist.de<\/span><\/h3>\n<h5 style=\"text-align: center;\"><span style=\"color: #000000;\">lub\u00a0<\/span><\/h5>\n<h3 style=\"text-align: center;\"><span style=\"color: #000000;\">o kontakt telefoniczny:<br \/>\n<\/span><span style=\"color: #2f2f80;\">0211 &#8211; 8759\u00a0 8067.<\/span><\/h3>\n<h1 style=\"text-align: center;\"><\/h1>\n<h3 style=\"text-align: center;\"><span style=\"color: #a0843d;\">Po\u015bwi\u0119camy Pa\u0144stwu<br \/>\nnasz\u0105 prac\u0119 i uwag\u0119!<\/span><\/h3>\n<p><\/div><\/p>\n<p>&nbsp;<\/p>\n<p>&nbsp;<\/p>\n<p>&nbsp;<\/p>\n<p><a href=\"http:\/\/www.johanna-swist.de\/wpjs\/pl\/kancelaria-2\/\"><img loading=\"lazy\" decoding=\"async\" class=\"Zwielokrotnienie dzie\u0142a sztuki aligncenter wp-image-7490\" title=\"Zwielokrotnienie dzie\u0142a sztuki\" src=\"http:\/\/www.johanna-swist.de\/wpjs\/wp-content\/uploads\/2022\/04\/Logo-2-1-300x85.jpg\" alt=\"Zwielokrotnienie dzie\u0142a sztuki\" width=\"364\" height=\"103\" srcset=\"http:\/\/www.johanna-swist.de\/wpjs\/wp-content\/uploads\/2022\/04\/Logo-2-1-300x85.jpg 300w, http:\/\/www.johanna-swist.de\/wpjs\/wp-content\/uploads\/2022\/04\/Logo-2-1.jpg 337w\" sizes=\"auto, (max-width: 364px) 100vw, 364px\" \/><\/a><\/p>\n<p>&nbsp;<\/p>\n<p>&nbsp;<\/p>\n<p>&nbsp;<\/p>\n<p>&nbsp;<\/p>\n","protected":false},"excerpt":{"rendered":"<p>&nbsp; Roszczenie o usuni\u0119cie kamery &nbsp; Dzisiaj przedstawiamy Pa\u0144stwu orzeczenie S\u0105du Rejonowego w K\u00f6nigswinter (AG K\u00f6nigswinter, 31 C 21\/09, z dnia 14.04.2010 r.). Dotyczy ono instalacji kamer monitoringu oraz prawa s\u0105siad\u00f3w do \u017c\u0105dania ich usuni\u0119cia. \u00a0 &nbsp; Stan faktyczny: Roszczenie<\/p>\n","protected":false},"author":1,"featured_media":0,"comment_status":"closed","ping_status":"closed","sticky":false,"template":"","format":"standard","meta":{"om_disable_all_campaigns":false,"_monsterinsights_skip_tracking":false,"_monsterinsights_sitenote_active":false,"_monsterinsights_sitenote_note":"","_monsterinsights_sitenote_category":0,"_uf_show_specific_survey":0,"_uf_disable_surveys":false,"footnotes":""},"categories":[1214,1218],"tags":[],"class_list":["post-8628","post","type-post","status-publish","format-standard","hentry","category-orzecznictwo-w-zakresie-prawa-autorskiego-i-prawa-medialnego","category-prawo-do-obrazu"],"yoast_head":"<!-- This site is optimized with the Yoast SEO plugin v27.3 - https:\/\/yoast.com\/product\/yoast-seo-wordpress\/ -->\n<title>Prawo do obrazu: Roszczenie o usuni\u0119cie kamery<\/title>\n<meta name=\"description\" content=\"Prawo do obrazu: Roszczenie o usuni\u0119cie kamery - adwokat w Niemczech - Kontakt: + 49 (0) 211-8759 8067 lub sekretariat@johanna-swist.de\" \/>\n<meta name=\"robots\" content=\"index, follow, max-snippet:-1, max-image-preview:large, max-video-preview:-1\" \/>\n<link rel=\"canonical\" href=\"http:\/\/www.johanna-swist.de\/wpjs\/pl\/roszczenie-o-usuniecie-kamery\/\" \/>\n<meta property=\"og:locale\" content=\"de_DE\" \/>\n<meta property=\"og:type\" content=\"article\" \/>\n<meta property=\"og:title\" content=\"Prawo do obrazu: Roszczenie o usuni\u0119cie kamery\" \/>\n<meta property=\"og:description\" content=\"Prawo do obrazu: Roszczenie o usuni\u0119cie kamery - adwokat w Niemczech - Kontakt: + 49 (0) 211-8759 8067 lub sekretariat@johanna-swist.de\" \/>\n<meta property=\"og:url\" content=\"http:\/\/www.johanna-swist.de\/wpjs\/pl\/roszczenie-o-usuniecie-kamery\/\" \/>\n<meta property=\"og:site_name\" content=\"swist.legal\" \/>\n<meta property=\"article:published_time\" content=\"2026-01-01T13:44:23+00:00\" \/>\n<meta property=\"article:modified_time\" content=\"2026-01-01T14:44:52+00:00\" \/>\n<meta property=\"og:image\" content=\"http:\/\/www.johanna-swist.de\/wpjs\/wp-content\/uploads\/2022\/04\/Logo-2-1-300x85.jpg\" \/>\n<meta name=\"author\" content=\"wpjs\" \/>\n<meta name=\"twitter:card\" content=\"summary_large_image\" \/>\n<meta name=\"twitter:label1\" content=\"Verfasst von\" \/>\n\t<meta name=\"twitter:data1\" content=\"wpjs\" \/>\n\t<meta name=\"twitter:label2\" content=\"Gesch\u00e4tzte Lesezeit\" \/>\n\t<meta name=\"twitter:data2\" content=\"4\u00a0Minuten\" \/>\n<script type=\"application\/ld+json\" class=\"yoast-schema-graph\">{\"@context\":\"https:\\\/\\\/schema.org\",\"@graph\":[{\"@type\":\"Article\",\"@id\":\"http:\\\/\\\/www.johanna-swist.de\\\/wpjs\\\/pl\\\/roszczenie-o-usuniecie-kamery\\\/#article\",\"isPartOf\":{\"@id\":\"http:\\\/\\\/www.johanna-swist.de\\\/wpjs\\\/pl\\\/roszczenie-o-usuniecie-kamery\\\/\"},\"author\":{\"name\":\"wpjs\",\"@id\":\"http:\\\/\\\/www.johanna-swist.de\\\/wpjs\\\/#\\\/schema\\\/person\\\/d0b7dc1b14f1e65d36b522e50ad3fc88\"},\"headline\":\"Prawo do obrazu: roszczenie o usuni\u0119cie kamery, S\u0105d Rejonowy w K\u00f6nigswinter, 31 C 21\\\/09, 14.04.2010 r.\",\"datePublished\":\"2026-01-01T13:44:23+00:00\",\"dateModified\":\"2026-01-01T14:44:52+00:00\",\"mainEntityOfPage\":{\"@id\":\"http:\\\/\\\/www.johanna-swist.de\\\/wpjs\\\/pl\\\/roszczenie-o-usuniecie-kamery\\\/\"},\"wordCount\":844,\"publisher\":{\"@id\":\"http:\\\/\\\/www.johanna-swist.de\\\/wpjs\\\/#organization\"},\"image\":{\"@id\":\"http:\\\/\\\/www.johanna-swist.de\\\/wpjs\\\/pl\\\/roszczenie-o-usuniecie-kamery\\\/#primaryimage\"},\"thumbnailUrl\":\"http:\\\/\\\/www.johanna-swist.de\\\/wpjs\\\/wp-content\\\/uploads\\\/2022\\\/04\\\/Logo-2-1-300x85.jpg\",\"articleSection\":[\"IP: orzecznictwo\",\"IP: Prawo do obrazu\"],\"inLanguage\":\"de\"},{\"@type\":\"WebPage\",\"@id\":\"http:\\\/\\\/www.johanna-swist.de\\\/wpjs\\\/pl\\\/roszczenie-o-usuniecie-kamery\\\/\",\"url\":\"http:\\\/\\\/www.johanna-swist.de\\\/wpjs\\\/pl\\\/roszczenie-o-usuniecie-kamery\\\/\",\"name\":\"Prawo do obrazu: Roszczenie o usuni\u0119cie kamery\",\"isPartOf\":{\"@id\":\"http:\\\/\\\/www.johanna-swist.de\\\/wpjs\\\/#website\"},\"primaryImageOfPage\":{\"@id\":\"http:\\\/\\\/www.johanna-swist.de\\\/wpjs\\\/pl\\\/roszczenie-o-usuniecie-kamery\\\/#primaryimage\"},\"image\":{\"@id\":\"http:\\\/\\\/www.johanna-swist.de\\\/wpjs\\\/pl\\\/roszczenie-o-usuniecie-kamery\\\/#primaryimage\"},\"thumbnailUrl\":\"http:\\\/\\\/www.johanna-swist.de\\\/wpjs\\\/wp-content\\\/uploads\\\/2022\\\/04\\\/Logo-2-1-300x85.jpg\",\"datePublished\":\"2026-01-01T13:44:23+00:00\",\"dateModified\":\"2026-01-01T14:44:52+00:00\",\"description\":\"Prawo do obrazu: Roszczenie o usuni\u0119cie kamery - adwokat w Niemczech - Kontakt: + 49 (0) 211-8759 8067 lub sekretariat@johanna-swist.de\",\"breadcrumb\":{\"@id\":\"http:\\\/\\\/www.johanna-swist.de\\\/wpjs\\\/pl\\\/roszczenie-o-usuniecie-kamery\\\/#breadcrumb\"},\"inLanguage\":\"de\",\"potentialAction\":[{\"@type\":\"ReadAction\",\"target\":[\"http:\\\/\\\/www.johanna-swist.de\\\/wpjs\\\/pl\\\/roszczenie-o-usuniecie-kamery\\\/\"]}]},{\"@type\":\"ImageObject\",\"inLanguage\":\"de\",\"@id\":\"http:\\\/\\\/www.johanna-swist.de\\\/wpjs\\\/pl\\\/roszczenie-o-usuniecie-kamery\\\/#primaryimage\",\"url\":\"http:\\\/\\\/www.johanna-swist.de\\\/wpjs\\\/wp-content\\\/uploads\\\/2022\\\/04\\\/Logo-2-1.jpg\",\"contentUrl\":\"http:\\\/\\\/www.johanna-swist.de\\\/wpjs\\\/wp-content\\\/uploads\\\/2022\\\/04\\\/Logo-2-1.jpg\",\"width\":337,\"height\":96},{\"@type\":\"BreadcrumbList\",\"@id\":\"http:\\\/\\\/www.johanna-swist.de\\\/wpjs\\\/pl\\\/roszczenie-o-usuniecie-kamery\\\/#breadcrumb\",\"itemListElement\":[{\"@type\":\"ListItem\",\"position\":1,\"name\":\"Startseite\",\"item\":\"http:\\\/\\\/www.johanna-swist.de\\\/wpjs\\\/pl\\\/kancelaria-2\\\/\"},{\"@type\":\"ListItem\",\"position\":2,\"name\":\"Prawo do obrazu: roszczenie o usuni\u0119cie kamery, S\u0105d Rejonowy w K\u00f6nigswinter, 31 C 21\\\/09, 14.04.2010 r.\"}]},{\"@type\":\"WebSite\",\"@id\":\"http:\\\/\\\/www.johanna-swist.de\\\/wpjs\\\/#website\",\"url\":\"http:\\\/\\\/www.johanna-swist.de\\\/wpjs\\\/\",\"name\":\"swist.legal\",\"description\":\"\",\"publisher\":{\"@id\":\"http:\\\/\\\/www.johanna-swist.de\\\/wpjs\\\/#organization\"},\"potentialAction\":[{\"@type\":\"SearchAction\",\"target\":{\"@type\":\"EntryPoint\",\"urlTemplate\":\"http:\\\/\\\/www.johanna-swist.de\\\/wpjs\\\/?s={search_term_string}\"},\"query-input\":{\"@type\":\"PropertyValueSpecification\",\"valueRequired\":true,\"valueName\":\"search_term_string\"}}],\"inLanguage\":\"de\"},{\"@type\":\"Organization\",\"@id\":\"http:\\\/\\\/www.johanna-swist.de\\\/wpjs\\\/#organization\",\"name\":\"swist.legal\",\"url\":\"http:\\\/\\\/www.johanna-swist.de\\\/wpjs\\\/\",\"logo\":{\"@type\":\"ImageObject\",\"inLanguage\":\"de\",\"@id\":\"http:\\\/\\\/www.johanna-swist.de\\\/wpjs\\\/#\\\/schema\\\/logo\\\/image\\\/\",\"url\":\"http:\\\/\\\/www.johanna-swist.de\\\/wpjs\\\/wp-content\\\/uploads\\\/2022\\\/04\\\/cropped-cropped-Logo-1-1.jpg\",\"contentUrl\":\"http:\\\/\\\/www.johanna-swist.de\\\/wpjs\\\/wp-content\\\/uploads\\\/2022\\\/04\\\/cropped-cropped-Logo-1-1.jpg\",\"width\":512,\"height\":512,\"caption\":\"swist.legal\"},\"image\":{\"@id\":\"http:\\\/\\\/www.johanna-swist.de\\\/wpjs\\\/#\\\/schema\\\/logo\\\/image\\\/\"}},{\"@type\":\"Person\",\"@id\":\"http:\\\/\\\/www.johanna-swist.de\\\/wpjs\\\/#\\\/schema\\\/person\\\/d0b7dc1b14f1e65d36b522e50ad3fc88\",\"name\":\"wpjs\",\"image\":{\"@type\":\"ImageObject\",\"inLanguage\":\"de\",\"@id\":\"https:\\\/\\\/secure.gravatar.com\\\/avatar\\\/be04adcded5f1f62131e2872eac201e5485665acea15fe47c8974419e69bfce9?s=96&d=mm&r=g\",\"url\":\"https:\\\/\\\/secure.gravatar.com\\\/avatar\\\/be04adcded5f1f62131e2872eac201e5485665acea15fe47c8974419e69bfce9?s=96&d=mm&r=g\",\"contentUrl\":\"https:\\\/\\\/secure.gravatar.com\\\/avatar\\\/be04adcded5f1f62131e2872eac201e5485665acea15fe47c8974419e69bfce9?s=96&d=mm&r=g\",\"caption\":\"wpjs\"},\"url\":\"http:\\\/\\\/www.johanna-swist.de\\\/wpjs\\\/author\\\/wpjs\\\/\"}]}<\/script>\n<!-- \/ Yoast SEO plugin. -->","yoast_head_json":{"title":"Prawo do obrazu: Roszczenie o usuni\u0119cie kamery","description":"Prawo do obrazu: Roszczenie o usuni\u0119cie kamery - adwokat w Niemczech - Kontakt: + 49 (0) 211-8759 8067 lub sekretariat@johanna-swist.de","robots":{"index":"index","follow":"follow","max-snippet":"max-snippet:-1","max-image-preview":"max-image-preview:large","max-video-preview":"max-video-preview:-1"},"canonical":"http:\/\/www.johanna-swist.de\/wpjs\/pl\/roszczenie-o-usuniecie-kamery\/","og_locale":"de_DE","og_type":"article","og_title":"Prawo do obrazu: Roszczenie o usuni\u0119cie kamery","og_description":"Prawo do obrazu: Roszczenie o usuni\u0119cie kamery - adwokat w Niemczech - Kontakt: + 49 (0) 211-8759 8067 lub sekretariat@johanna-swist.de","og_url":"http:\/\/www.johanna-swist.de\/wpjs\/pl\/roszczenie-o-usuniecie-kamery\/","og_site_name":"swist.legal","article_published_time":"2026-01-01T13:44:23+00:00","article_modified_time":"2026-01-01T14:44:52+00:00","og_image":[{"url":"http:\/\/www.johanna-swist.de\/wpjs\/wp-content\/uploads\/2022\/04\/Logo-2-1-300x85.jpg","type":"","width":"","height":""}],"author":"wpjs","twitter_card":"summary_large_image","twitter_misc":{"Verfasst von":"wpjs","Gesch\u00e4tzte Lesezeit":"4\u00a0Minuten"},"schema":{"@context":"https:\/\/schema.org","@graph":[{"@type":"Article","@id":"http:\/\/www.johanna-swist.de\/wpjs\/pl\/roszczenie-o-usuniecie-kamery\/#article","isPartOf":{"@id":"http:\/\/www.johanna-swist.de\/wpjs\/pl\/roszczenie-o-usuniecie-kamery\/"},"author":{"name":"wpjs","@id":"http:\/\/www.johanna-swist.de\/wpjs\/#\/schema\/person\/d0b7dc1b14f1e65d36b522e50ad3fc88"},"headline":"Prawo do obrazu: roszczenie o usuni\u0119cie kamery, S\u0105d Rejonowy w K\u00f6nigswinter, 31 C 21\/09, 14.04.2010 r.","datePublished":"2026-01-01T13:44:23+00:00","dateModified":"2026-01-01T14:44:52+00:00","mainEntityOfPage":{"@id":"http:\/\/www.johanna-swist.de\/wpjs\/pl\/roszczenie-o-usuniecie-kamery\/"},"wordCount":844,"publisher":{"@id":"http:\/\/www.johanna-swist.de\/wpjs\/#organization"},"image":{"@id":"http:\/\/www.johanna-swist.de\/wpjs\/pl\/roszczenie-o-usuniecie-kamery\/#primaryimage"},"thumbnailUrl":"http:\/\/www.johanna-swist.de\/wpjs\/wp-content\/uploads\/2022\/04\/Logo-2-1-300x85.jpg","articleSection":["IP: orzecznictwo","IP: Prawo do obrazu"],"inLanguage":"de"},{"@type":"WebPage","@id":"http:\/\/www.johanna-swist.de\/wpjs\/pl\/roszczenie-o-usuniecie-kamery\/","url":"http:\/\/www.johanna-swist.de\/wpjs\/pl\/roszczenie-o-usuniecie-kamery\/","name":"Prawo do obrazu: Roszczenie o usuni\u0119cie kamery","isPartOf":{"@id":"http:\/\/www.johanna-swist.de\/wpjs\/#website"},"primaryImageOfPage":{"@id":"http:\/\/www.johanna-swist.de\/wpjs\/pl\/roszczenie-o-usuniecie-kamery\/#primaryimage"},"image":{"@id":"http:\/\/www.johanna-swist.de\/wpjs\/pl\/roszczenie-o-usuniecie-kamery\/#primaryimage"},"thumbnailUrl":"http:\/\/www.johanna-swist.de\/wpjs\/wp-content\/uploads\/2022\/04\/Logo-2-1-300x85.jpg","datePublished":"2026-01-01T13:44:23+00:00","dateModified":"2026-01-01T14:44:52+00:00","description":"Prawo do obrazu: Roszczenie o usuni\u0119cie kamery - adwokat w Niemczech - Kontakt: + 49 (0) 211-8759 8067 lub sekretariat@johanna-swist.de","breadcrumb":{"@id":"http:\/\/www.johanna-swist.de\/wpjs\/pl\/roszczenie-o-usuniecie-kamery\/#breadcrumb"},"inLanguage":"de","potentialAction":[{"@type":"ReadAction","target":["http:\/\/www.johanna-swist.de\/wpjs\/pl\/roszczenie-o-usuniecie-kamery\/"]}]},{"@type":"ImageObject","inLanguage":"de","@id":"http:\/\/www.johanna-swist.de\/wpjs\/pl\/roszczenie-o-usuniecie-kamery\/#primaryimage","url":"http:\/\/www.johanna-swist.de\/wpjs\/wp-content\/uploads\/2022\/04\/Logo-2-1.jpg","contentUrl":"http:\/\/www.johanna-swist.de\/wpjs\/wp-content\/uploads\/2022\/04\/Logo-2-1.jpg","width":337,"height":96},{"@type":"BreadcrumbList","@id":"http:\/\/www.johanna-swist.de\/wpjs\/pl\/roszczenie-o-usuniecie-kamery\/#breadcrumb","itemListElement":[{"@type":"ListItem","position":1,"name":"Startseite","item":"http:\/\/www.johanna-swist.de\/wpjs\/pl\/kancelaria-2\/"},{"@type":"ListItem","position":2,"name":"Prawo do obrazu: roszczenie o usuni\u0119cie kamery, S\u0105d Rejonowy w K\u00f6nigswinter, 31 C 21\/09, 14.04.2010 r."}]},{"@type":"WebSite","@id":"http:\/\/www.johanna-swist.de\/wpjs\/#website","url":"http:\/\/www.johanna-swist.de\/wpjs\/","name":"swist.legal","description":"","publisher":{"@id":"http:\/\/www.johanna-swist.de\/wpjs\/#organization"},"potentialAction":[{"@type":"SearchAction","target":{"@type":"EntryPoint","urlTemplate":"http:\/\/www.johanna-swist.de\/wpjs\/?s={search_term_string}"},"query-input":{"@type":"PropertyValueSpecification","valueRequired":true,"valueName":"search_term_string"}}],"inLanguage":"de"},{"@type":"Organization","@id":"http:\/\/www.johanna-swist.de\/wpjs\/#organization","name":"swist.legal","url":"http:\/\/www.johanna-swist.de\/wpjs\/","logo":{"@type":"ImageObject","inLanguage":"de","@id":"http:\/\/www.johanna-swist.de\/wpjs\/#\/schema\/logo\/image\/","url":"http:\/\/www.johanna-swist.de\/wpjs\/wp-content\/uploads\/2022\/04\/cropped-cropped-Logo-1-1.jpg","contentUrl":"http:\/\/www.johanna-swist.de\/wpjs\/wp-content\/uploads\/2022\/04\/cropped-cropped-Logo-1-1.jpg","width":512,"height":512,"caption":"swist.legal"},"image":{"@id":"http:\/\/www.johanna-swist.de\/wpjs\/#\/schema\/logo\/image\/"}},{"@type":"Person","@id":"http:\/\/www.johanna-swist.de\/wpjs\/#\/schema\/person\/d0b7dc1b14f1e65d36b522e50ad3fc88","name":"wpjs","image":{"@type":"ImageObject","inLanguage":"de","@id":"https:\/\/secure.gravatar.com\/avatar\/be04adcded5f1f62131e2872eac201e5485665acea15fe47c8974419e69bfce9?s=96&d=mm&r=g","url":"https:\/\/secure.gravatar.com\/avatar\/be04adcded5f1f62131e2872eac201e5485665acea15fe47c8974419e69bfce9?s=96&d=mm&r=g","contentUrl":"https:\/\/secure.gravatar.com\/avatar\/be04adcded5f1f62131e2872eac201e5485665acea15fe47c8974419e69bfce9?s=96&d=mm&r=g","caption":"wpjs"},"url":"http:\/\/www.johanna-swist.de\/wpjs\/author\/wpjs\/"}]}},"_links":{"self":[{"href":"http:\/\/www.johanna-swist.de\/wpjs\/wp-json\/wp\/v2\/posts\/8628","targetHints":{"allow":["GET"]}}],"collection":[{"href":"http:\/\/www.johanna-swist.de\/wpjs\/wp-json\/wp\/v2\/posts"}],"about":[{"href":"http:\/\/www.johanna-swist.de\/wpjs\/wp-json\/wp\/v2\/types\/post"}],"author":[{"embeddable":true,"href":"http:\/\/www.johanna-swist.de\/wpjs\/wp-json\/wp\/v2\/users\/1"}],"replies":[{"embeddable":true,"href":"http:\/\/www.johanna-swist.de\/wpjs\/wp-json\/wp\/v2\/comments?post=8628"}],"version-history":[{"count":9,"href":"http:\/\/www.johanna-swist.de\/wpjs\/wp-json\/wp\/v2\/posts\/8628\/revisions"}],"predecessor-version":[{"id":8640,"href":"http:\/\/www.johanna-swist.de\/wpjs\/wp-json\/wp\/v2\/posts\/8628\/revisions\/8640"}],"wp:attachment":[{"href":"http:\/\/www.johanna-swist.de\/wpjs\/wp-json\/wp\/v2\/media?parent=8628"}],"wp:term":[{"taxonomy":"category","embeddable":true,"href":"http:\/\/www.johanna-swist.de\/wpjs\/wp-json\/wp\/v2\/categories?post=8628"},{"taxonomy":"post_tag","embeddable":true,"href":"http:\/\/www.johanna-swist.de\/wpjs\/wp-json\/wp\/v2\/tags?post=8628"}],"curies":[{"name":"wp","href":"https:\/\/api.w.org\/{rel}","templated":true}]}}