{"id":7634,"date":"2022-10-04T06:31:59","date_gmt":"2022-10-04T06:31:59","guid":{"rendered":"http:\/\/www.johanna-swist.de\/wpjs\/?p=7634"},"modified":"2022-10-05T08:47:22","modified_gmt":"2022-10-05T08:47:22","slug":"beendigung-des-insolvenzverfahrens","status":"publish","type":"post","link":"http:\/\/www.johanna-swist.de\/wpjs\/de\/beendigung-des-insolvenzverfahrens\/","title":{"rendered":"Insolvenz im Arbeitsverh\u00e4ltnis: Beendigung des Insolvenzverfahrens"},"content":{"rendered":"<p>&nbsp;<\/p>\n<h1 style=\"text-align: center;\"><span style=\"color: #1414ff;\">Beendigung des Insolvenzverfahrens <\/span><\/h1>\n<h3 style=\"text-align: right;\"><span style=\"color: #000000;\"><strong><button id=\"bb1\" type=\"button\" value=\"Play\" class=\"responsivevoice-button\" title=\"ResponsiveVoice Tap to Start\/Stop Speech\"><span>&#128266; Text anh\u00f6ren<\/span><\/button>\n        <script>\n            bb1.onclick = function(){\n                if(responsiveVoice.isPlaying()){\n                    responsiveVoice.cancel();\n                }else{\n                    responsiveVoice.speak(\"Beendigung des Insolvenzverfahrens durch gerichtlichen Beschluss Das Insolvenzverfahren wird durch Beschluss des Insolvenzgerichts beendet. Dies ist nach der Schlussverteilung also nachdem alle Gl\u00e4ubiger quotenm\u00e4\u00dfig befriedigt wurden. Weitere Umst\u00e4nde, die dazu f\u00fchren, dass das Insolvenzgericht, die Insolvenz durch Beschluss einstellt: Die Insolvenzmasse reicht nicht zur Deckung der Verfahrenskosten. Bei einer angezeigten Masseunzul\u00e4nglichkeit durch den Insolvenzverwalter. Bei einem nachtr\u00e4glichen Entfall des Er\u00f6ffnungsgrundes. Mit der Beendigung des Insolvenzverfahrens erl\u00f6schen die Aufgaben des Insolvenzverwalters. Sofern Betr\u00e4ge in die Insolvenzmasse zur\u00fcckflie\u00dfen findet eine Nachtragsverteilung statt. Forderungen k\u00f6nnen wieder gegen\u00fcber dem Schuldner geltend gemacht werden. Der Tabelleneintrag hat dabei die Wirkung eines vollstreckbaren Urteiles . Die Forderungen k\u00f6nnen allerdings dann nicht geltend gemacht werden, wenn eine Restschuldenbefreiung stattgefunden hat. \u00a0 Weitere Gr\u00fcnde f\u00fcr die Beendigung des Insolvenzverfahrens Aufstellung eines Insolvenzplanes Anstatt der Durchf\u00fchrung des Insolvenzverfahrens kann ebenfalls ein Insolvenzplan erstellt werden. Dieser kann individuell auf das insolvente Unternehmen und die Gl\u00e4ubiger abgestimmt werden, um das Unternehmen zu sanieren. Der Insolvenzverwalter kann nach Beendigung des Insolvenzverfahrens weiter bestellt werden den Insolvenzplan zu \u00fcberwachen. Insolvenz in Eigenverwaltung Nach Antrag des Schuldners gehen die Befugnisse nicht auf den Insolvenzverwalter \u00fcber, sondern verbleiben beim Schuldner. Dieser wird aber von einem Sachwalter \u00fcberwacht. Dies dient zum einem der Kostensenkung, da die Kosten f\u00fcr den Insolvenzverwalter entfallen. Zum anderen dient dies der rechtzeitigen Stellung eines Insolvenzantrages und der M\u00f6glichkeit sein Unternehmen selber sanieren zu k\u00f6nnen. Nach Er\u00f6ffnung des Insolvenzverfahrens kann die Eigenverwaltung auch von der Gl\u00e4ubigerversammlung beantragt werden. Der Schuldner erledigt die Aufgaben des Insolvenzverwalters selbst. Insofern sind die Vorschriften der InsO anwendbar. Verfasser: Emanuel Pusch Kanzlei\u00a0Swist - Rechtsanwalt Arbeitsrecht D\u00fcsseldorf Ihr Recht in unseren treuen H\u00e4nden\", \"Deutsch Female\");\n                }\n            };\n        <\/script>\n    <\/strong><\/span><\/h3>\n<h2 style=\"text-align: center;\"><span style=\"color: #487693;\">Beendigung des Insolvenzverfahrens durch gerichtlichen Beschluss<\/span><\/h2>\n<p>&nbsp;<\/p>\n<p style=\"text-align: justify;\"><span style=\"color: #000000;\">Das Insolvenzverfahren wird durch Beschluss des Insolvenzgerichts beendet. Dies ist nach der Schlussverteilung also nachdem alle Gl\u00e4ubiger quotenm\u00e4\u00dfig befriedigt wurden.<\/span><\/p>\n<p style=\"text-align: justify;\"><span style=\"color: #000000;\">Weitere Umst\u00e4nde, die dazu f\u00fchren, dass das Insolvenzgericht, die Insolvenz durch Beschluss einstellt:<\/span><\/p>\n<ul>\n<li style=\"text-align: justify;\"><span style=\"color: #000000;\">Die Insolvenzmasse reicht nicht zur Deckung der Verfahrenskosten. <\/span><\/li>\n<li style=\"text-align: justify;\"><span style=\"color: #000000;\">Bei einer angezeigten Masseunzul\u00e4nglichkeit durch den Insolvenzverwalter. <\/span><\/li>\n<li style=\"text-align: justify;\"><span style=\"color: #000000;\">Bei einem nachtr\u00e4glichen Entfall des Er\u00f6ffnungsgrundes.<\/span><\/li>\n<\/ul>\n<p style=\"text-align: justify;\"><span style=\"color: #000000;\">Mit der Beendigung des Insolvenzverfahrens erl\u00f6schen die Aufgaben des Insolvenzverwalters.<\/span><\/p>\n<p style=\"text-align: justify;\"><span style=\"color: #000000;\">Sofern Betr\u00e4ge in die Insolvenzmasse zur\u00fcckflie\u00dfen findet eine Nachtragsverteilung statt.<\/span><\/p>\n<p style=\"text-align: justify;\"><span style=\"color: #000000;\">Forderungen k\u00f6nnen wieder gegen\u00fcber dem Schuldner geltend gemacht werden. Der Tabelleneintrag hat dabei die Wirkung eines vollstreckbaren Urteiles .<\/span><\/p>\n<p style=\"text-align: justify;\"><span style=\"color: #000000;\">Die Forderungen k\u00f6nnen allerdings dann nicht geltend gemacht werden, wenn eine Restschuldenbefreiung stattgefunden hat.<\/span><\/p>\n<p style=\"text-align: justify;\"><span style=\"color: #000000;\"><strong>\u00a0<\/strong><\/span><\/p>\n<p>&nbsp;<\/p>\n<h2 style=\"text-align: center;\"><span style=\"color: #487693;\">Weitere Gr\u00fcnde f\u00fcr die Beendigung des Insolvenzverfahrens<\/span><\/h2>\n<p>&nbsp;<\/p>\n<h5 style=\"text-align: center;\"><span style=\"color: #487693;\">Aufstellung eines Insolvenzplanes<\/span><\/h5>\n<p>&nbsp;<\/p>\n<p style=\"text-align: justify;\"><span style=\"color: #000000;\">Anstatt der Durchf\u00fchrung des Insolvenzverfahrens kann ebenfalls ein Insolvenzplan erstellt werden. Dieser kann individuell auf das insolvente Unternehmen und die Gl\u00e4ubiger abgestimmt werden, um das Unternehmen zu sanieren. Der Insolvenzverwalter kann nach Beendigung des Insolvenzverfahrens weiter bestellt werden den Insolvenzplan zu \u00fcberwachen.<\/span><\/p>\n<p>&nbsp;<\/p>\n<h5 style=\"text-align: center;\"><span style=\"color: #487693;\">Insolvenz in Eigenverwaltung<\/span><\/h5>\n<p>&nbsp;<\/p>\n<p style=\"text-align: justify;\"><span style=\"color: #000000;\">Nach Antrag des Schuldners gehen die Befugnisse nicht auf den Insolvenzverwalter \u00fcber, sondern verbleiben beim Schuldner. Dieser wird aber von einem Sachwalter \u00fcberwacht.<\/span><\/p>\n<p style=\"text-align: justify;\"><span style=\"color: #000000;\">Dies dient zum einem der Kostensenkung, da die Kosten f\u00fcr den Insolvenzverwalter entfallen. Zum anderen dient dies der rechtzeitigen Stellung eines Insolvenzantrages und der M\u00f6glichkeit sein Unternehmen selber sanieren zu k\u00f6nnen.<\/span><\/p>\n<p style=\"text-align: justify;\"><span style=\"color: #000000;\">Nach Er\u00f6ffnung des Insolvenzverfahrens kann die Eigenverwaltung auch von der Gl\u00e4ubigerversammlung beantragt werden.<\/span><\/p>\n<p style=\"text-align: justify;\"><span style=\"color: #000000;\">Der Schuldner erledigt die Aufgaben des Insolvenzverwalters selbst. Insofern sind die Vorschriften der InsO anwendbar.<\/span><\/p>\n<p>&nbsp;<\/p>\n<p style=\"text-align: right;\"><em><span style=\"color: #000000;\">Verfasser: Emanuel Pusch<br \/>\nKanzlei\u00a0Swist &#8211; Rechtsanwalt Arbeitsrecht D\u00fcsseldorf<br \/>\nIhr Recht in unseren treuen H\u00e4nden \u00a0<\/span><\/em><\/p>\n<p>&nbsp;<\/p>\n<p>&nbsp;<\/p>\n<p>&nbsp;<\/p>\n<p style=\"text-align: left;\"><a href=\"http:\/\/www.johanna-swist.de\/wpjs\/de\/infothek-insolvenz-des-arbeitgebers\/\"><img loading=\"lazy\" decoding=\"async\" class=\"Beendigung des Insolvenzverfahrens alignnone wp-image-3081\" title=\"Beendigung des Insolvenzverfahrens\" src=\"http:\/\/www.johanna-swist.de\/wpjs\/wp-content\/uploads\/2018\/01\/Recht-und-Steuern-300x173.jpg\" alt=\"Beendigung des Insolvenzverfahrens \" width=\"533\" height=\"307\" srcset=\"http:\/\/www.johanna-swist.de\/wpjs\/wp-content\/uploads\/2018\/01\/Recht-und-Steuern-300x173.jpg 300w, http:\/\/www.johanna-swist.de\/wpjs\/wp-content\/uploads\/2018\/01\/Recht-und-Steuern-768x442.jpg 768w, http:\/\/www.johanna-swist.de\/wpjs\/wp-content\/uploads\/2018\/01\/Recht-und-Steuern-1024x589.jpg 1024w\" sizes=\"auto, (max-width: 533px) 100vw, 533px\" \/><\/a><\/p>\n<p>&nbsp;<\/p>\n<p>&nbsp;<\/p>\n<p style=\"text-align: justify;\"><div class=\"specialtext-content-left effect\"><\/p>\n<h3 style=\"text-align: center;\">Rufen Sie uns an! Tel.: <span style=\"color: #1414ff;\">0211 &#8211; 8759 8067<\/span><\/h3>\n<p><\/div><\/p>\n<p>&nbsp;<\/p>\n<p>&nbsp;<\/p>\n<p>&nbsp;<\/p>\n","protected":false},"excerpt":{"rendered":"<p>&nbsp; Beendigung des Insolvenzverfahrens \u00a0 &nbsp; &nbsp; &nbsp; &nbsp; &nbsp; &nbsp; &nbsp; &nbsp;<\/p>\n","protected":false},"author":1,"featured_media":0,"comment_status":"closed","ping_status":"closed","sticky":false,"template":"","format":"standard","meta":{"om_disable_all_campaigns":false,"_monsterinsights_skip_tracking":false,"_monsterinsights_sitenote_active":false,"_monsterinsights_sitenote_note":"","_monsterinsights_sitenote_category":0,"_uf_show_specific_survey":0,"_uf_disable_surveys":false,"footnotes":""},"categories":[119],"tags":[1147],"class_list":["post-7634","post","type-post","status-publish","format-standard","hentry","category-insolvenzrecht","tag-beendigung-des-insolvenzverfahrens"],"yoast_head":"<!-- This site is optimized with the Yoast SEO plugin v27.3 - https:\/\/yoast.com\/product\/yoast-seo-wordpress\/ -->\n<title>Beendigung des Insolvenzverfahrens | Rechtsanwalt Arbeitsrecht<\/title>\n<meta name=\"description\" content=\"Beendigung des Insolvenzverfahrens - Rechtsanwalt Arbeitsrecht D\u00fcsseldorf 0211-8759 8067 sekretariat@johanna-swist.de\" \/>\n<meta name=\"robots\" content=\"index, follow, max-snippet:-1, max-image-preview:large, max-video-preview:-1\" \/>\n<link rel=\"canonical\" href=\"http:\/\/www.johanna-swist.de\/wpjs\/de\/beendigung-des-insolvenzverfahrens\/\" \/>\n<meta property=\"og:locale\" content=\"de_DE\" \/>\n<meta property=\"og:type\" content=\"article\" \/>\n<meta property=\"og:title\" content=\"Beendigung des Insolvenzverfahrens | Rechtsanwalt Arbeitsrecht\" \/>\n<meta property=\"og:description\" content=\"Beendigung des Insolvenzverfahrens - Rechtsanwalt Arbeitsrecht D\u00fcsseldorf 0211-8759 8067 sekretariat@johanna-swist.de\" \/>\n<meta property=\"og:url\" content=\"http:\/\/www.johanna-swist.de\/wpjs\/de\/beendigung-des-insolvenzverfahrens\/\" \/>\n<meta property=\"og:site_name\" content=\"swist.legal\" \/>\n<meta property=\"article:published_time\" content=\"2022-10-04T06:31:59+00:00\" \/>\n<meta property=\"article:modified_time\" content=\"2022-10-05T08:47:22+00:00\" \/>\n<meta property=\"og:image\" content=\"http:\/\/www.johanna-swist.de\/wpjs\/wp-content\/uploads\/2018\/01\/Recht-und-Steuern-300x173.jpg\" \/>\n<meta name=\"author\" content=\"wpjs\" \/>\n<meta name=\"twitter:card\" content=\"summary_large_image\" \/>\n<meta name=\"twitter:label1\" content=\"Verfasst von\" \/>\n\t<meta name=\"twitter:data1\" content=\"wpjs\" \/>\n\t<meta name=\"twitter:label2\" content=\"Gesch\u00e4tzte Lesezeit\" \/>\n\t<meta name=\"twitter:data2\" content=\"2\u00a0Minuten\" \/>\n<script type=\"application\/ld+json\" class=\"yoast-schema-graph\">{\"@context\":\"https:\\\/\\\/schema.org\",\"@graph\":[{\"@type\":\"Article\",\"@id\":\"http:\\\/\\\/www.johanna-swist.de\\\/wpjs\\\/de\\\/beendigung-des-insolvenzverfahrens\\\/#article\",\"isPartOf\":{\"@id\":\"http:\\\/\\\/www.johanna-swist.de\\\/wpjs\\\/de\\\/beendigung-des-insolvenzverfahrens\\\/\"},\"author\":{\"name\":\"wpjs\",\"@id\":\"http:\\\/\\\/www.johanna-swist.de\\\/wpjs\\\/#\\\/schema\\\/person\\\/d0b7dc1b14f1e65d36b522e50ad3fc88\"},\"headline\":\"Insolvenz im Arbeitsverh\u00e4ltnis: Beendigung des Insolvenzverfahrens\",\"datePublished\":\"2022-10-04T06:31:59+00:00\",\"dateModified\":\"2022-10-05T08:47:22+00:00\",\"mainEntityOfPage\":{\"@id\":\"http:\\\/\\\/www.johanna-swist.de\\\/wpjs\\\/de\\\/beendigung-des-insolvenzverfahrens\\\/\"},\"wordCount\":332,\"publisher\":{\"@id\":\"http:\\\/\\\/www.johanna-swist.de\\\/wpjs\\\/#organization\"},\"image\":{\"@id\":\"http:\\\/\\\/www.johanna-swist.de\\\/wpjs\\\/de\\\/beendigung-des-insolvenzverfahrens\\\/#primaryimage\"},\"thumbnailUrl\":\"http:\\\/\\\/www.johanna-swist.de\\\/wpjs\\\/wp-content\\\/uploads\\\/2018\\\/01\\\/Recht-und-Steuern-300x173.jpg\",\"keywords\":[\"Beendigung des Insolvenzverfahrens\"],\"articleSection\":[\"AR: Insolvenz im Arbeitsverh\u00e4ltnis\"],\"inLanguage\":\"de\"},{\"@type\":\"WebPage\",\"@id\":\"http:\\\/\\\/www.johanna-swist.de\\\/wpjs\\\/de\\\/beendigung-des-insolvenzverfahrens\\\/\",\"url\":\"http:\\\/\\\/www.johanna-swist.de\\\/wpjs\\\/de\\\/beendigung-des-insolvenzverfahrens\\\/\",\"name\":\"Beendigung des Insolvenzverfahrens | Rechtsanwalt Arbeitsrecht\",\"isPartOf\":{\"@id\":\"http:\\\/\\\/www.johanna-swist.de\\\/wpjs\\\/#website\"},\"primaryImageOfPage\":{\"@id\":\"http:\\\/\\\/www.johanna-swist.de\\\/wpjs\\\/de\\\/beendigung-des-insolvenzverfahrens\\\/#primaryimage\"},\"image\":{\"@id\":\"http:\\\/\\\/www.johanna-swist.de\\\/wpjs\\\/de\\\/beendigung-des-insolvenzverfahrens\\\/#primaryimage\"},\"thumbnailUrl\":\"http:\\\/\\\/www.johanna-swist.de\\\/wpjs\\\/wp-content\\\/uploads\\\/2018\\\/01\\\/Recht-und-Steuern-300x173.jpg\",\"datePublished\":\"2022-10-04T06:31:59+00:00\",\"dateModified\":\"2022-10-05T08:47:22+00:00\",\"description\":\"Beendigung des Insolvenzverfahrens - Rechtsanwalt Arbeitsrecht D\u00fcsseldorf 0211-8759 8067 sekretariat@johanna-swist.de\",\"breadcrumb\":{\"@id\":\"http:\\\/\\\/www.johanna-swist.de\\\/wpjs\\\/de\\\/beendigung-des-insolvenzverfahrens\\\/#breadcrumb\"},\"inLanguage\":\"de\",\"potentialAction\":[{\"@type\":\"ReadAction\",\"target\":[\"http:\\\/\\\/www.johanna-swist.de\\\/wpjs\\\/de\\\/beendigung-des-insolvenzverfahrens\\\/\"]}]},{\"@type\":\"ImageObject\",\"inLanguage\":\"de\",\"@id\":\"http:\\\/\\\/www.johanna-swist.de\\\/wpjs\\\/de\\\/beendigung-des-insolvenzverfahrens\\\/#primaryimage\",\"url\":\"http:\\\/\\\/www.johanna-swist.de\\\/wpjs\\\/wp-content\\\/uploads\\\/2018\\\/01\\\/Recht-und-Steuern.jpg\",\"contentUrl\":\"http:\\\/\\\/www.johanna-swist.de\\\/wpjs\\\/wp-content\\\/uploads\\\/2018\\\/01\\\/Recht-und-Steuern.jpg\",\"width\":2587,\"height\":1489},{\"@type\":\"BreadcrumbList\",\"@id\":\"http:\\\/\\\/www.johanna-swist.de\\\/wpjs\\\/de\\\/beendigung-des-insolvenzverfahrens\\\/#breadcrumb\",\"itemListElement\":[{\"@type\":\"ListItem\",\"position\":1,\"name\":\"Startseite\",\"item\":\"http:\\\/\\\/www.johanna-swist.de\\\/wpjs\\\/pl\\\/kancelaria-2\\\/\"},{\"@type\":\"ListItem\",\"position\":2,\"name\":\"Insolvenz im Arbeitsverh\u00e4ltnis: Beendigung des Insolvenzverfahrens\"}]},{\"@type\":\"WebSite\",\"@id\":\"http:\\\/\\\/www.johanna-swist.de\\\/wpjs\\\/#website\",\"url\":\"http:\\\/\\\/www.johanna-swist.de\\\/wpjs\\\/\",\"name\":\"swist.legal\",\"description\":\"\",\"publisher\":{\"@id\":\"http:\\\/\\\/www.johanna-swist.de\\\/wpjs\\\/#organization\"},\"potentialAction\":[{\"@type\":\"SearchAction\",\"target\":{\"@type\":\"EntryPoint\",\"urlTemplate\":\"http:\\\/\\\/www.johanna-swist.de\\\/wpjs\\\/?s={search_term_string}\"},\"query-input\":{\"@type\":\"PropertyValueSpecification\",\"valueRequired\":true,\"valueName\":\"search_term_string\"}}],\"inLanguage\":\"de\"},{\"@type\":\"Organization\",\"@id\":\"http:\\\/\\\/www.johanna-swist.de\\\/wpjs\\\/#organization\",\"name\":\"swist.legal\",\"url\":\"http:\\\/\\\/www.johanna-swist.de\\\/wpjs\\\/\",\"logo\":{\"@type\":\"ImageObject\",\"inLanguage\":\"de\",\"@id\":\"http:\\\/\\\/www.johanna-swist.de\\\/wpjs\\\/#\\\/schema\\\/logo\\\/image\\\/\",\"url\":\"http:\\\/\\\/www.johanna-swist.de\\\/wpjs\\\/wp-content\\\/uploads\\\/2022\\\/04\\\/cropped-cropped-Logo-1-1.jpg\",\"contentUrl\":\"http:\\\/\\\/www.johanna-swist.de\\\/wpjs\\\/wp-content\\\/uploads\\\/2022\\\/04\\\/cropped-cropped-Logo-1-1.jpg\",\"width\":512,\"height\":512,\"caption\":\"swist.legal\"},\"image\":{\"@id\":\"http:\\\/\\\/www.johanna-swist.de\\\/wpjs\\\/#\\\/schema\\\/logo\\\/image\\\/\"}},{\"@type\":\"Person\",\"@id\":\"http:\\\/\\\/www.johanna-swist.de\\\/wpjs\\\/#\\\/schema\\\/person\\\/d0b7dc1b14f1e65d36b522e50ad3fc88\",\"name\":\"wpjs\",\"image\":{\"@type\":\"ImageObject\",\"inLanguage\":\"de\",\"@id\":\"https:\\\/\\\/secure.gravatar.com\\\/avatar\\\/be04adcded5f1f62131e2872eac201e5485665acea15fe47c8974419e69bfce9?s=96&d=mm&r=g\",\"url\":\"https:\\\/\\\/secure.gravatar.com\\\/avatar\\\/be04adcded5f1f62131e2872eac201e5485665acea15fe47c8974419e69bfce9?s=96&d=mm&r=g\",\"contentUrl\":\"https:\\\/\\\/secure.gravatar.com\\\/avatar\\\/be04adcded5f1f62131e2872eac201e5485665acea15fe47c8974419e69bfce9?s=96&d=mm&r=g\",\"caption\":\"wpjs\"},\"url\":\"http:\\\/\\\/www.johanna-swist.de\\\/wpjs\\\/author\\\/wpjs\\\/\"}]}<\/script>\n<!-- \/ Yoast SEO plugin. -->","yoast_head_json":{"title":"Beendigung des Insolvenzverfahrens | Rechtsanwalt Arbeitsrecht","description":"Beendigung des Insolvenzverfahrens - Rechtsanwalt Arbeitsrecht D\u00fcsseldorf 0211-8759 8067 sekretariat@johanna-swist.de","robots":{"index":"index","follow":"follow","max-snippet":"max-snippet:-1","max-image-preview":"max-image-preview:large","max-video-preview":"max-video-preview:-1"},"canonical":"http:\/\/www.johanna-swist.de\/wpjs\/de\/beendigung-des-insolvenzverfahrens\/","og_locale":"de_DE","og_type":"article","og_title":"Beendigung des Insolvenzverfahrens | Rechtsanwalt Arbeitsrecht","og_description":"Beendigung des Insolvenzverfahrens - Rechtsanwalt Arbeitsrecht D\u00fcsseldorf 0211-8759 8067 sekretariat@johanna-swist.de","og_url":"http:\/\/www.johanna-swist.de\/wpjs\/de\/beendigung-des-insolvenzverfahrens\/","og_site_name":"swist.legal","article_published_time":"2022-10-04T06:31:59+00:00","article_modified_time":"2022-10-05T08:47:22+00:00","og_image":[{"url":"http:\/\/www.johanna-swist.de\/wpjs\/wp-content\/uploads\/2018\/01\/Recht-und-Steuern-300x173.jpg","type":"","width":"","height":""}],"author":"wpjs","twitter_card":"summary_large_image","twitter_misc":{"Verfasst von":"wpjs","Gesch\u00e4tzte Lesezeit":"2\u00a0Minuten"},"schema":{"@context":"https:\/\/schema.org","@graph":[{"@type":"Article","@id":"http:\/\/www.johanna-swist.de\/wpjs\/de\/beendigung-des-insolvenzverfahrens\/#article","isPartOf":{"@id":"http:\/\/www.johanna-swist.de\/wpjs\/de\/beendigung-des-insolvenzverfahrens\/"},"author":{"name":"wpjs","@id":"http:\/\/www.johanna-swist.de\/wpjs\/#\/schema\/person\/d0b7dc1b14f1e65d36b522e50ad3fc88"},"headline":"Insolvenz im Arbeitsverh\u00e4ltnis: Beendigung des Insolvenzverfahrens","datePublished":"2022-10-04T06:31:59+00:00","dateModified":"2022-10-05T08:47:22+00:00","mainEntityOfPage":{"@id":"http:\/\/www.johanna-swist.de\/wpjs\/de\/beendigung-des-insolvenzverfahrens\/"},"wordCount":332,"publisher":{"@id":"http:\/\/www.johanna-swist.de\/wpjs\/#organization"},"image":{"@id":"http:\/\/www.johanna-swist.de\/wpjs\/de\/beendigung-des-insolvenzverfahrens\/#primaryimage"},"thumbnailUrl":"http:\/\/www.johanna-swist.de\/wpjs\/wp-content\/uploads\/2018\/01\/Recht-und-Steuern-300x173.jpg","keywords":["Beendigung des Insolvenzverfahrens"],"articleSection":["AR: Insolvenz im Arbeitsverh\u00e4ltnis"],"inLanguage":"de"},{"@type":"WebPage","@id":"http:\/\/www.johanna-swist.de\/wpjs\/de\/beendigung-des-insolvenzverfahrens\/","url":"http:\/\/www.johanna-swist.de\/wpjs\/de\/beendigung-des-insolvenzverfahrens\/","name":"Beendigung des Insolvenzverfahrens | Rechtsanwalt Arbeitsrecht","isPartOf":{"@id":"http:\/\/www.johanna-swist.de\/wpjs\/#website"},"primaryImageOfPage":{"@id":"http:\/\/www.johanna-swist.de\/wpjs\/de\/beendigung-des-insolvenzverfahrens\/#primaryimage"},"image":{"@id":"http:\/\/www.johanna-swist.de\/wpjs\/de\/beendigung-des-insolvenzverfahrens\/#primaryimage"},"thumbnailUrl":"http:\/\/www.johanna-swist.de\/wpjs\/wp-content\/uploads\/2018\/01\/Recht-und-Steuern-300x173.jpg","datePublished":"2022-10-04T06:31:59+00:00","dateModified":"2022-10-05T08:47:22+00:00","description":"Beendigung des Insolvenzverfahrens - Rechtsanwalt Arbeitsrecht D\u00fcsseldorf 0211-8759 8067 sekretariat@johanna-swist.de","breadcrumb":{"@id":"http:\/\/www.johanna-swist.de\/wpjs\/de\/beendigung-des-insolvenzverfahrens\/#breadcrumb"},"inLanguage":"de","potentialAction":[{"@type":"ReadAction","target":["http:\/\/www.johanna-swist.de\/wpjs\/de\/beendigung-des-insolvenzverfahrens\/"]}]},{"@type":"ImageObject","inLanguage":"de","@id":"http:\/\/www.johanna-swist.de\/wpjs\/de\/beendigung-des-insolvenzverfahrens\/#primaryimage","url":"http:\/\/www.johanna-swist.de\/wpjs\/wp-content\/uploads\/2018\/01\/Recht-und-Steuern.jpg","contentUrl":"http:\/\/www.johanna-swist.de\/wpjs\/wp-content\/uploads\/2018\/01\/Recht-und-Steuern.jpg","width":2587,"height":1489},{"@type":"BreadcrumbList","@id":"http:\/\/www.johanna-swist.de\/wpjs\/de\/beendigung-des-insolvenzverfahrens\/#breadcrumb","itemListElement":[{"@type":"ListItem","position":1,"name":"Startseite","item":"http:\/\/www.johanna-swist.de\/wpjs\/pl\/kancelaria-2\/"},{"@type":"ListItem","position":2,"name":"Insolvenz im Arbeitsverh\u00e4ltnis: Beendigung des Insolvenzverfahrens"}]},{"@type":"WebSite","@id":"http:\/\/www.johanna-swist.de\/wpjs\/#website","url":"http:\/\/www.johanna-swist.de\/wpjs\/","name":"swist.legal","description":"","publisher":{"@id":"http:\/\/www.johanna-swist.de\/wpjs\/#organization"},"potentialAction":[{"@type":"SearchAction","target":{"@type":"EntryPoint","urlTemplate":"http:\/\/www.johanna-swist.de\/wpjs\/?s={search_term_string}"},"query-input":{"@type":"PropertyValueSpecification","valueRequired":true,"valueName":"search_term_string"}}],"inLanguage":"de"},{"@type":"Organization","@id":"http:\/\/www.johanna-swist.de\/wpjs\/#organization","name":"swist.legal","url":"http:\/\/www.johanna-swist.de\/wpjs\/","logo":{"@type":"ImageObject","inLanguage":"de","@id":"http:\/\/www.johanna-swist.de\/wpjs\/#\/schema\/logo\/image\/","url":"http:\/\/www.johanna-swist.de\/wpjs\/wp-content\/uploads\/2022\/04\/cropped-cropped-Logo-1-1.jpg","contentUrl":"http:\/\/www.johanna-swist.de\/wpjs\/wp-content\/uploads\/2022\/04\/cropped-cropped-Logo-1-1.jpg","width":512,"height":512,"caption":"swist.legal"},"image":{"@id":"http:\/\/www.johanna-swist.de\/wpjs\/#\/schema\/logo\/image\/"}},{"@type":"Person","@id":"http:\/\/www.johanna-swist.de\/wpjs\/#\/schema\/person\/d0b7dc1b14f1e65d36b522e50ad3fc88","name":"wpjs","image":{"@type":"ImageObject","inLanguage":"de","@id":"https:\/\/secure.gravatar.com\/avatar\/be04adcded5f1f62131e2872eac201e5485665acea15fe47c8974419e69bfce9?s=96&d=mm&r=g","url":"https:\/\/secure.gravatar.com\/avatar\/be04adcded5f1f62131e2872eac201e5485665acea15fe47c8974419e69bfce9?s=96&d=mm&r=g","contentUrl":"https:\/\/secure.gravatar.com\/avatar\/be04adcded5f1f62131e2872eac201e5485665acea15fe47c8974419e69bfce9?s=96&d=mm&r=g","caption":"wpjs"},"url":"http:\/\/www.johanna-swist.de\/wpjs\/author\/wpjs\/"}]}},"_links":{"self":[{"href":"http:\/\/www.johanna-swist.de\/wpjs\/wp-json\/wp\/v2\/posts\/7634","targetHints":{"allow":["GET"]}}],"collection":[{"href":"http:\/\/www.johanna-swist.de\/wpjs\/wp-json\/wp\/v2\/posts"}],"about":[{"href":"http:\/\/www.johanna-swist.de\/wpjs\/wp-json\/wp\/v2\/types\/post"}],"author":[{"embeddable":true,"href":"http:\/\/www.johanna-swist.de\/wpjs\/wp-json\/wp\/v2\/users\/1"}],"replies":[{"embeddable":true,"href":"http:\/\/www.johanna-swist.de\/wpjs\/wp-json\/wp\/v2\/comments?post=7634"}],"version-history":[{"count":6,"href":"http:\/\/www.johanna-swist.de\/wpjs\/wp-json\/wp\/v2\/posts\/7634\/revisions"}],"predecessor-version":[{"id":7695,"href":"http:\/\/www.johanna-swist.de\/wpjs\/wp-json\/wp\/v2\/posts\/7634\/revisions\/7695"}],"wp:attachment":[{"href":"http:\/\/www.johanna-swist.de\/wpjs\/wp-json\/wp\/v2\/media?parent=7634"}],"wp:term":[{"taxonomy":"category","embeddable":true,"href":"http:\/\/www.johanna-swist.de\/wpjs\/wp-json\/wp\/v2\/categories?post=7634"},{"taxonomy":"post_tag","embeddable":true,"href":"http:\/\/www.johanna-swist.de\/wpjs\/wp-json\/wp\/v2\/tags?post=7634"}],"curies":[{"name":"wp","href":"https:\/\/api.w.org\/{rel}","templated":true}]}}