{"id":7632,"date":"2022-09-24T13:00:53","date_gmt":"2022-09-24T13:00:53","guid":{"rendered":"http:\/\/www.johanna-swist.de\/wpjs\/?p=7632"},"modified":"2022-10-04T07:13:58","modified_gmt":"2022-10-04T07:13:58","slug":"insolvenz-im-arbeitsverhaeltnis-ablauf-des-insolvenzverfahrens","status":"publish","type":"post","link":"http:\/\/www.johanna-swist.de\/wpjs\/de\/insolvenz-im-arbeitsverhaeltnis-ablauf-des-insolvenzverfahrens\/","title":{"rendered":"Insolvenz im Arbeitsverh\u00e4ltnis: Ablauf des Insolvenzverfahrens und Verteilung der Insolvenzmasse"},"content":{"rendered":"<p>&nbsp;<\/p>\n<h1 style=\"text-align: center;\"><span style=\"color: #1414ff;\">Ablauf des Insolvenzverfahrens und<br \/>\nVerteilung der Insolvenzmasse <\/span><\/h1>\n<h3 style=\"text-align: right;\"><span style=\"color: #000000;\"><strong><button id=\"bb1\" type=\"button\" value=\"Play\" class=\"responsivevoice-button\" title=\"ResponsiveVoice Tap to Start\/Stop Speech\"><span>&#128266; Text anh\u00f6ren<\/span><\/button>\n        <script>\n            bb1.onclick = function(){\n                if(responsiveVoice.isPlaying()){\n                    responsiveVoice.cancel();\n                }else{\n                    responsiveVoice.speak(\"Mit der Er\u00f6ffnung des Insolvenzverfahrens werden die Gl\u00e4ubiger aufgefordert, ihre Forderungen gegen das insolvente Unternehmen zur Tabelle anzumelden und vorhandene Sicherungsrechte anzuzeigen. Der Ablauf des Insolvenzverfahrens stellt sich bis zur Verteilung der Insolvenzmasse wie folgt dar:\u00a0 Berichtstermin und erste Gl\u00e4ubigerversammlung Der Berichtstermin findet zeitnah nach der Er\u00f6ffnung des Insolvenzverfahrens statt. Der Termin wird \u00f6ffentlich bekannt gegeben und den bekannten Gl\u00e4ubigern zugestellt. Im Berichtstermin werden Entscheidungen \u00fcber den Ablauf des Insolvenzverfahrens getroffen. Grundlage f\u00fcr die Entscheidungen ist der Bericht des Insolvenzverwalters. Im Bericht wird unter anderem\u00a0 die derzeitige wirtschaftliche Lage des Unternehmens darleget. Ebenfalls werden potentielle Gr\u00fcnde f\u00fcr die Schieflage des Unternehmens benannt. Weiter wird erl\u00e4utert, welche Aussichten f\u00fcr das Unternehmen bestehen, ob dieses im Ganzen oder in Teilen erhalten werden kann oder ob ein Insolvenzplan in Betracht kommt. Es werden verschiedene Sanierungsm\u00f6glichkeiten aufgezeigt und die Quotenaussichten dargelegt. Das Ziel bleibt dabei die bestm\u00f6gliche Befriedigung der Gl\u00e4ubiger. Auf der Grundlage des Berichts entscheidet die Gl\u00e4ubigerversammlung \u00fcber das weitere Vorgehen. In \u00a0der ersten Gl\u00e4ubigerversammlung kann ebenfalls ein anderer Insolvenzverwalter gew\u00e4hlt werden. Die Gl\u00e4ubigerversammlung kann dar\u00fcber hinaus einen Gl\u00e4ubigerausschuss w\u00e4hlen, welcher dem Insolvenzverwalter unterst\u00fctzend zur Seite steht, diesen aber auch \u00fcberwacht. Pr\u00fcfungstermin Der Pr\u00fcfungstermin f\u00e4llt in der Regel mit dem Berichtstermin zusammen. Beim Pr\u00fcfungstermin, werden die angemeldeten Forderungen zur Tabelle \u00fcberpr\u00fcft. Eine \u00dcberpr\u00fcfung findet lediglich bez\u00fcglich des Ranges und des Betrages statt. Im Pr\u00fcfungstermin k\u00f6nnen sowohl andere Gl\u00e4ubiger als auch der Insolvenzverwalter Forderungen bestreiten. Ist dies nicht der Fall, so wird die Forderung zur Tabelle eingetragen und gilt als festgestellt. Sofern Widerspruch erhoben wurde, kann der Gl\u00e4ubiger der Forderung Klage zur Feststellung zur Tabelle beim zust\u00e4ndigen Gericht erheben. Verteilung der Insolvenzmasse Zur Verteilung und Begleichung der Verbindlichkeiten, gilt grunds\u00e4tzlich folgende Reihenfolge: Verm\u00f6gensgegenst\u00e4nde, welche im Eigentum Dritter stehen, sind an diese herauszugeben (Aussonderungsrecht) Es besteht ein Aussonderungsrecht und der Gegenstand geh\u00f6rt nicht zur Insolvenzmasse Nicht erfasst wird der verl\u00e4ngerte Eigentumsvorbehalt. Dieser gibt lediglich ein Absonderungsrecht. Absonderungsrecht bei dingliche Sicherheitsrechten: Pfandrecht Der entsprechende Gegenstand wird durch den Insolvenzverwalter verwertet. Der entsprechende Erl\u00f6s wird bis zur H\u00f6he der Forderung an den Gl\u00e4ubiger ausbezahlt. Ausgleich der Verfahrenskosten, Kosten des Insolvenzverwalters und Masseverbindlichkeiten Die Masseverbindlichkeiten umfassen Forderungen, die bei Verwaltung, Verwertung oder Verteilung der Insolvenzmasse begr\u00fcndet werden, ohne Kosten des Insolvenzverfahrens zu sein. In Abgrenzung zur Insolvenzforderung ist entscheidend, wann der Anspruch entstanden ist. Sofern der Anspruch nach Er\u00f6ffnung des Insolvenzverfahrens entstanden ist, handelt es sich in der Regel um eine Masseverbindlichkeit. Die Masseverbindlichkeiten k\u00f6nnen \u201eganz normal\u201c im Wege einer Leistungsklage gegen den Insolvenzverwalter geltend gemacht werden. Bei einer angezeigten Masseunzul\u00e4nglichkeit werden die Forderungen nur anteilig nach Rangfolge befriedigt. Anteilsm\u00e4\u00dfige Verteilung an die Insolvenzgl\u00e4ubiger nach Rang Es werden nur Insolvenzgl\u00e4ubiger ber\u00fccksichtigt, die in Insolvenztabelle eingetragen sind. Auskehr an den Schuldner Alles, was nach Ausgleich der Verbindlichkeiten an Masse \u00fcbrig bleibt, wird an das insolvente Unternehmen ausgesch\u00fcttet, bzw. dieser kann dann wieder dar\u00fcber verf\u00fcgen, wenn das Insolvenzverfahren beendet wird. Verfasser: Emanuel Pusch Kanzlei\u00a0Swist - Rechtsanwalt Arbeitsrecht D\u00fcsseldorf Ihr Recht in unseren treuen H\u00e4nden\", \"Deutsch Female\");\n                }\n            };\n        <\/script>\n    <\/strong><\/span><\/h3>\n<p style=\"text-align: justify;\"><span style=\"color: #000000;\">Mit der Er\u00f6ffnung des Insolvenzverfahrens werden die Gl\u00e4ubiger aufgefordert, ihre Forderungen gegen das insolvente Unternehmen zur Tabelle anzumelden und vorhandene Sicherungsrechte anzuzeigen. Der Ablauf des Insolvenzverfahrens stellt sich bis zur Verteilung der Insolvenzmasse wie folgt dar:\u00a0<\/span><\/p>\n<p>&nbsp;<\/p>\n<h2 style=\"text-align: center;\"><span style=\"color: #487693;\">Berichtstermin und erste Gl\u00e4ubigerversammlung <\/span><\/h2>\n<p>&nbsp;<\/p>\n<p style=\"text-align: justify;\"><span style=\"color: #000000;\">Der Berichtstermin findet zeitnah nach der Er\u00f6ffnung des Insolvenzverfahrens statt. Der Termin wird \u00f6ffentlich bekannt gegeben und den bekannten Gl\u00e4ubigern zugestellt.<\/span><\/p>\n<p style=\"text-align: justify;\"><span style=\"color: #000000;\">Im Berichtstermin werden Entscheidungen \u00fcber den Ablauf des Insolvenzverfahrens getroffen.<\/span><\/p>\n<p style=\"text-align: justify;\"><span style=\"color: #000000;\">Grundlage f\u00fcr die Entscheidungen ist der Bericht des Insolvenzverwalters. Im Bericht wird unter anderem\u00a0 die derzeitige wirtschaftliche Lage des Unternehmens darleget. Ebenfalls werden potentielle Gr\u00fcnde f\u00fcr die Schieflage des Unternehmens benannt. Weiter wird erl\u00e4utert, welche Aussichten f\u00fcr das Unternehmen bestehen, ob dieses im Ganzen oder in Teilen erhalten werden kann oder ob ein Insolvenzplan in Betracht kommt. Es werden verschiedene Sanierungsm\u00f6glichkeiten aufgezeigt und die Quotenaussichten dargelegt. Das Ziel bleibt dabei die bestm\u00f6gliche Befriedigung der Gl\u00e4ubiger.<\/span><\/p>\n<p style=\"text-align: justify;\"><span style=\"color: #000000;\">Auf der Grundlage des Berichts entscheidet die Gl\u00e4ubigerversammlung \u00fcber das weitere Vorgehen. In \u00a0der ersten Gl\u00e4ubigerversammlung kann ebenfalls ein anderer Insolvenzverwalter gew\u00e4hlt werden.<\/span><\/p>\n<p style=\"text-align: justify;\"><span style=\"color: #000000;\">Die Gl\u00e4ubigerversammlung kann dar\u00fcber hinaus einen Gl\u00e4ubigerausschuss w\u00e4hlen, welcher dem Insolvenzverwalter unterst\u00fctzend zur Seite steht, diesen aber auch \u00fcberwacht.<\/span><\/p>\n<p>&nbsp;<\/p>\n<h2 style=\"text-align: center;\"><span style=\"color: #487693;\">Pr\u00fcfungstermin <\/span><\/h2>\n<p>&nbsp;<\/p>\n<p style=\"text-align: justify;\"><span style=\"color: #000000;\">Der Pr\u00fcfungstermin f\u00e4llt in der Regel mit dem Berichtstermin zusammen.<\/span><\/p>\n<p style=\"text-align: justify;\"><span style=\"color: #000000;\">Beim Pr\u00fcfungstermin, werden die angemeldeten Forderungen zur Tabelle \u00fcberpr\u00fcft. Eine \u00dcberpr\u00fcfung findet lediglich bez\u00fcglich des Ranges und des Betrages statt.<\/span><\/p>\n<p style=\"text-align: justify;\"><span style=\"color: #000000;\">Im Pr\u00fcfungstermin k\u00f6nnen sowohl andere Gl\u00e4ubiger als auch der Insolvenzverwalter Forderungen bestreiten. Ist dies nicht der Fall, so wird die Forderung zur Tabelle eingetragen und gilt als festgestellt.<\/span><\/p>\n<p style=\"text-align: justify;\"><span style=\"color: #000000;\">Sofern Widerspruch erhoben wurde, kann der Gl\u00e4ubiger der Forderung Klage zur Feststellung zur Tabelle beim zust\u00e4ndigen Gericht erheben.<\/span><\/p>\n<p>&nbsp;<\/p>\n<h2 style=\"text-align: center;\"><span style=\"color: #487693;\">Verteilung der Insolvenzmasse <\/span><\/h2>\n<p>&nbsp;<\/p>\n<p style=\"text-align: justify;\"><span style=\"color: #000000;\">Zur Verteilung und Begleichung der Verbindlichkeiten, gilt grunds\u00e4tzlich folgende Reihenfolge:<\/span><\/p>\n<ol style=\"text-align: justify;\">\n<li><strong><span style=\"color: #1414ff;\">Verm\u00f6gensgegenst\u00e4nde, welche im Eigentum Dritter stehen, sind an diese herauszugeben (Aussonderungsrecht)<\/span><\/strong><br \/>\n<span style=\"color: #000000;\">Es besteht ein Aussonderungsrecht und der Gegenstand geh\u00f6rt <strong>nicht<\/strong> zur Insolvenzmasse<\/span><br \/>\n<span style=\"color: #000000;\">Nicht erfasst wird der verl\u00e4ngerte Eigentumsvorbehalt. Dieser gibt lediglich ein Absonderungsrecht.<\/span><\/li>\n<li><strong><span style=\"color: #1414ff;\">Absonderungsrecht bei dingliche Sicherheitsrechten<\/span><span style=\"color: #1414ff;\">: Pfandrecht<\/span><\/strong><br \/>\n<span style=\"color: #000000;\">Der entsprechende Gegenstand wird durch den Insolvenzverwalter verwertet. Der entsprechende Erl\u00f6s wird bis zur H\u00f6he der Forderung an den Gl\u00e4ubiger ausbezahlt.<\/span><\/li>\n<li><span style=\"color: #000000;\"><strong><span style=\"color: #1414ff;\">Ausgleich der Verfahrenskosten, Kosten des Insolvenzverwalters und Masseverbindlichkeiten<\/span><\/strong><br \/>\nDie Masseverbindlichkeiten umfassen Forderungen, die bei Verwaltung, Verwertung oder Verteilung der Insolvenzmasse begr\u00fcndet werden, ohne Kosten des Insolvenzverfahrens zu sein.<\/span><br \/>\n<span style=\"color: #000000;\">In Abgrenzung zur Insolvenzforderung ist entscheidend, wann der Anspruch entstanden ist. Sofern der Anspruch nach Er\u00f6ffnung des Insolvenzverfahrens entstanden ist, handelt es sich in der Regel um eine Masseverbindlichkeit.<\/span><br \/>\n<span style=\"color: #000000;\">Die Masseverbindlichkeiten k\u00f6nnen \u201eganz normal\u201c im Wege einer Leistungsklage gegen den Insolvenzverwalter geltend gemacht werden.<\/span><br \/>\n<span style=\"color: #000000;\">Bei einer angezeigten Masseunzul\u00e4nglichkeit werden die Forderungen nur anteilig nach Rangfolge befriedigt.<\/span><\/li>\n<li><strong><span style=\"color: #1414ff;\">Anteilsm\u00e4\u00dfige Verteilung an die Insolvenzgl\u00e4ubiger nach Rang<\/span><\/strong><br \/>\n<span style=\"color: #000000;\">Es werden nur Insolvenzgl\u00e4ubiger ber\u00fccksichtigt, die in Insolvenztabelle eingetragen sind.<\/span><\/li>\n<li><strong><span style=\"color: #1414ff;\">Auskehr an den Schuldner<\/span><\/strong><br \/>\n<span style=\"color: #000000;\">Alles, was nach Ausgleich der Verbindlichkeiten an Masse \u00fcbrig bleibt, wird an das insolvente Unternehmen ausgesch\u00fcttet, bzw. dieser kann dann wieder dar\u00fcber verf\u00fcgen, wenn das Insolvenzverfahren beendet wird.<\/span><\/li>\n<\/ol>\n<p>&nbsp;<\/p>\n<p style=\"text-align: right;\"><em><span style=\"color: #000000;\">Verfasser: Emanuel Pusch<br \/>\nKanzlei\u00a0Swist &#8211; Rechtsanwalt Arbeitsrecht D\u00fcsseldorf<br \/>\nIhr Recht in unseren treuen H\u00e4nden \u00a0<\/span><\/em><\/p>\n<p>&nbsp;<\/p>\n<p>&nbsp;<\/p>\n<p>&nbsp;<\/p>\n<p style=\"text-align: left;\"><a href=\"http:\/\/www.johanna-swist.de\/wpjs\/de\/infothek-insolvenz-des-arbeitgebers\/\"><img loading=\"lazy\" decoding=\"async\" class=\"Verteilung der Insolvenzmasse alignnone wp-image-3081\" title=\"Verteilung der Insolvenzmasse \" src=\"http:\/\/www.johanna-swist.de\/wpjs\/wp-content\/uploads\/2018\/01\/Recht-und-Steuern-300x173.jpg\" alt=\"Verteilung der Insolvenzmasse \" width=\"533\" height=\"307\" srcset=\"http:\/\/www.johanna-swist.de\/wpjs\/wp-content\/uploads\/2018\/01\/Recht-und-Steuern-300x173.jpg 300w, http:\/\/www.johanna-swist.de\/wpjs\/wp-content\/uploads\/2018\/01\/Recht-und-Steuern-768x442.jpg 768w, http:\/\/www.johanna-swist.de\/wpjs\/wp-content\/uploads\/2018\/01\/Recht-und-Steuern-1024x589.jpg 1024w\" sizes=\"auto, (max-width: 533px) 100vw, 533px\" \/><\/a><\/p>\n<p>&nbsp;<\/p>\n<p>&nbsp;<\/p>\n<p style=\"text-align: justify;\"><div class=\"specialtext-content-left effect\"><\/p>\n<h3 style=\"text-align: center;\">Rufen Sie uns an! Tel.: <span style=\"color: #1414ff;\">0211 &#8211; 8759 8067<\/span><\/h3>\n<p><\/div><\/p>\n<p>&nbsp;<\/p>\n<p>&nbsp;<\/p>\n<p>&nbsp;<\/p>\n","protected":false},"excerpt":{"rendered":"<p>&nbsp; Ablauf des Insolvenzverfahrens und Verteilung der Insolvenzmasse \u00a0 &nbsp; &nbsp; &nbsp; &nbsp; &nbsp; &nbsp; &nbsp; &nbsp;<\/p>\n","protected":false},"author":1,"featured_media":0,"comment_status":"closed","ping_status":"closed","sticky":false,"template":"","format":"standard","meta":{"om_disable_all_campaigns":false,"_monsterinsights_skip_tracking":false,"_monsterinsights_sitenote_active":false,"_monsterinsights_sitenote_note":"","_monsterinsights_sitenote_category":0,"_uf_show_specific_survey":0,"_uf_disable_surveys":false,"footnotes":""},"categories":[119],"tags":[1139],"class_list":["post-7632","post","type-post","status-publish","format-standard","hentry","category-insolvenzrecht","tag-verteilung-der-insolvenzmasse"],"yoast_head":"<!-- This site is optimized with the Yoast SEO plugin v27.3 - https:\/\/yoast.com\/product\/yoast-seo-wordpress\/ -->\n<title>Verteilung der Insolvenzmasse | Rechtsanwalt Arbeitsrecht<\/title>\n<meta name=\"description\" content=\"Verteilung der Insolvenzmasse - Rechtsanwalt Arbeitsrecht D\u00fcsseldorf - Kontakt: 0211-8759 8067 sekretariat@johanna-swist.de\" \/>\n<meta name=\"robots\" content=\"index, follow, max-snippet:-1, max-image-preview:large, max-video-preview:-1\" \/>\n<link rel=\"canonical\" href=\"http:\/\/www.johanna-swist.de\/wpjs\/de\/insolvenz-im-arbeitsverhaeltnis-ablauf-des-insolvenzverfahrens\/\" \/>\n<meta property=\"og:locale\" content=\"de_DE\" \/>\n<meta property=\"og:type\" content=\"article\" \/>\n<meta property=\"og:title\" content=\"Verteilung der Insolvenzmasse | Rechtsanwalt Arbeitsrecht\" \/>\n<meta property=\"og:description\" content=\"Verteilung der Insolvenzmasse - Rechtsanwalt Arbeitsrecht D\u00fcsseldorf - Kontakt: 0211-8759 8067 sekretariat@johanna-swist.de\" \/>\n<meta property=\"og:url\" content=\"http:\/\/www.johanna-swist.de\/wpjs\/de\/insolvenz-im-arbeitsverhaeltnis-ablauf-des-insolvenzverfahrens\/\" \/>\n<meta property=\"og:site_name\" content=\"swist.legal\" \/>\n<meta property=\"article:published_time\" content=\"2022-09-24T13:00:53+00:00\" \/>\n<meta property=\"article:modified_time\" content=\"2022-10-04T07:13:58+00:00\" \/>\n<meta property=\"og:image\" content=\"http:\/\/www.johanna-swist.de\/wpjs\/wp-content\/uploads\/2018\/01\/Recht-und-Steuern-300x173.jpg\" \/>\n<meta name=\"author\" content=\"wpjs\" \/>\n<meta name=\"twitter:card\" content=\"summary_large_image\" \/>\n<meta name=\"twitter:label1\" content=\"Verfasst von\" \/>\n\t<meta name=\"twitter:data1\" content=\"wpjs\" \/>\n\t<meta name=\"twitter:label2\" content=\"Gesch\u00e4tzte Lesezeit\" \/>\n\t<meta name=\"twitter:data2\" content=\"4\u00a0Minuten\" \/>\n<script type=\"application\/ld+json\" class=\"yoast-schema-graph\">{\"@context\":\"https:\\\/\\\/schema.org\",\"@graph\":[{\"@type\":\"Article\",\"@id\":\"http:\\\/\\\/www.johanna-swist.de\\\/wpjs\\\/de\\\/insolvenz-im-arbeitsverhaeltnis-ablauf-des-insolvenzverfahrens\\\/#article\",\"isPartOf\":{\"@id\":\"http:\\\/\\\/www.johanna-swist.de\\\/wpjs\\\/de\\\/insolvenz-im-arbeitsverhaeltnis-ablauf-des-insolvenzverfahrens\\\/\"},\"author\":{\"name\":\"wpjs\",\"@id\":\"http:\\\/\\\/www.johanna-swist.de\\\/wpjs\\\/#\\\/schema\\\/person\\\/d0b7dc1b14f1e65d36b522e50ad3fc88\"},\"headline\":\"Insolvenz im Arbeitsverh\u00e4ltnis: Ablauf des Insolvenzverfahrens und Verteilung der Insolvenzmasse\",\"datePublished\":\"2022-09-24T13:00:53+00:00\",\"dateModified\":\"2022-10-04T07:13:58+00:00\",\"mainEntityOfPage\":{\"@id\":\"http:\\\/\\\/www.johanna-swist.de\\\/wpjs\\\/de\\\/insolvenz-im-arbeitsverhaeltnis-ablauf-des-insolvenzverfahrens\\\/\"},\"wordCount\":590,\"publisher\":{\"@id\":\"http:\\\/\\\/www.johanna-swist.de\\\/wpjs\\\/#organization\"},\"image\":{\"@id\":\"http:\\\/\\\/www.johanna-swist.de\\\/wpjs\\\/de\\\/insolvenz-im-arbeitsverhaeltnis-ablauf-des-insolvenzverfahrens\\\/#primaryimage\"},\"thumbnailUrl\":\"http:\\\/\\\/www.johanna-swist.de\\\/wpjs\\\/wp-content\\\/uploads\\\/2018\\\/01\\\/Recht-und-Steuern-300x173.jpg\",\"keywords\":[\"Verteilung der Insolvenzmasse\"],\"articleSection\":[\"AR: Insolvenz im Arbeitsverh\u00e4ltnis\"],\"inLanguage\":\"de\"},{\"@type\":\"WebPage\",\"@id\":\"http:\\\/\\\/www.johanna-swist.de\\\/wpjs\\\/de\\\/insolvenz-im-arbeitsverhaeltnis-ablauf-des-insolvenzverfahrens\\\/\",\"url\":\"http:\\\/\\\/www.johanna-swist.de\\\/wpjs\\\/de\\\/insolvenz-im-arbeitsverhaeltnis-ablauf-des-insolvenzverfahrens\\\/\",\"name\":\"Verteilung der Insolvenzmasse | Rechtsanwalt Arbeitsrecht\",\"isPartOf\":{\"@id\":\"http:\\\/\\\/www.johanna-swist.de\\\/wpjs\\\/#website\"},\"primaryImageOfPage\":{\"@id\":\"http:\\\/\\\/www.johanna-swist.de\\\/wpjs\\\/de\\\/insolvenz-im-arbeitsverhaeltnis-ablauf-des-insolvenzverfahrens\\\/#primaryimage\"},\"image\":{\"@id\":\"http:\\\/\\\/www.johanna-swist.de\\\/wpjs\\\/de\\\/insolvenz-im-arbeitsverhaeltnis-ablauf-des-insolvenzverfahrens\\\/#primaryimage\"},\"thumbnailUrl\":\"http:\\\/\\\/www.johanna-swist.de\\\/wpjs\\\/wp-content\\\/uploads\\\/2018\\\/01\\\/Recht-und-Steuern-300x173.jpg\",\"datePublished\":\"2022-09-24T13:00:53+00:00\",\"dateModified\":\"2022-10-04T07:13:58+00:00\",\"description\":\"Verteilung der Insolvenzmasse - Rechtsanwalt Arbeitsrecht D\u00fcsseldorf - Kontakt: 0211-8759 8067 sekretariat@johanna-swist.de\",\"breadcrumb\":{\"@id\":\"http:\\\/\\\/www.johanna-swist.de\\\/wpjs\\\/de\\\/insolvenz-im-arbeitsverhaeltnis-ablauf-des-insolvenzverfahrens\\\/#breadcrumb\"},\"inLanguage\":\"de\",\"potentialAction\":[{\"@type\":\"ReadAction\",\"target\":[\"http:\\\/\\\/www.johanna-swist.de\\\/wpjs\\\/de\\\/insolvenz-im-arbeitsverhaeltnis-ablauf-des-insolvenzverfahrens\\\/\"]}]},{\"@type\":\"ImageObject\",\"inLanguage\":\"de\",\"@id\":\"http:\\\/\\\/www.johanna-swist.de\\\/wpjs\\\/de\\\/insolvenz-im-arbeitsverhaeltnis-ablauf-des-insolvenzverfahrens\\\/#primaryimage\",\"url\":\"http:\\\/\\\/www.johanna-swist.de\\\/wpjs\\\/wp-content\\\/uploads\\\/2018\\\/01\\\/Recht-und-Steuern.jpg\",\"contentUrl\":\"http:\\\/\\\/www.johanna-swist.de\\\/wpjs\\\/wp-content\\\/uploads\\\/2018\\\/01\\\/Recht-und-Steuern.jpg\",\"width\":2587,\"height\":1489},{\"@type\":\"BreadcrumbList\",\"@id\":\"http:\\\/\\\/www.johanna-swist.de\\\/wpjs\\\/de\\\/insolvenz-im-arbeitsverhaeltnis-ablauf-des-insolvenzverfahrens\\\/#breadcrumb\",\"itemListElement\":[{\"@type\":\"ListItem\",\"position\":1,\"name\":\"Startseite\",\"item\":\"http:\\\/\\\/www.johanna-swist.de\\\/wpjs\\\/pl\\\/kancelaria-2\\\/\"},{\"@type\":\"ListItem\",\"position\":2,\"name\":\"Insolvenz im Arbeitsverh\u00e4ltnis: Ablauf des Insolvenzverfahrens und Verteilung der Insolvenzmasse\"}]},{\"@type\":\"WebSite\",\"@id\":\"http:\\\/\\\/www.johanna-swist.de\\\/wpjs\\\/#website\",\"url\":\"http:\\\/\\\/www.johanna-swist.de\\\/wpjs\\\/\",\"name\":\"swist.legal\",\"description\":\"\",\"publisher\":{\"@id\":\"http:\\\/\\\/www.johanna-swist.de\\\/wpjs\\\/#organization\"},\"potentialAction\":[{\"@type\":\"SearchAction\",\"target\":{\"@type\":\"EntryPoint\",\"urlTemplate\":\"http:\\\/\\\/www.johanna-swist.de\\\/wpjs\\\/?s={search_term_string}\"},\"query-input\":{\"@type\":\"PropertyValueSpecification\",\"valueRequired\":true,\"valueName\":\"search_term_string\"}}],\"inLanguage\":\"de\"},{\"@type\":\"Organization\",\"@id\":\"http:\\\/\\\/www.johanna-swist.de\\\/wpjs\\\/#organization\",\"name\":\"swist.legal\",\"url\":\"http:\\\/\\\/www.johanna-swist.de\\\/wpjs\\\/\",\"logo\":{\"@type\":\"ImageObject\",\"inLanguage\":\"de\",\"@id\":\"http:\\\/\\\/www.johanna-swist.de\\\/wpjs\\\/#\\\/schema\\\/logo\\\/image\\\/\",\"url\":\"http:\\\/\\\/www.johanna-swist.de\\\/wpjs\\\/wp-content\\\/uploads\\\/2022\\\/04\\\/cropped-cropped-Logo-1-1.jpg\",\"contentUrl\":\"http:\\\/\\\/www.johanna-swist.de\\\/wpjs\\\/wp-content\\\/uploads\\\/2022\\\/04\\\/cropped-cropped-Logo-1-1.jpg\",\"width\":512,\"height\":512,\"caption\":\"swist.legal\"},\"image\":{\"@id\":\"http:\\\/\\\/www.johanna-swist.de\\\/wpjs\\\/#\\\/schema\\\/logo\\\/image\\\/\"}},{\"@type\":\"Person\",\"@id\":\"http:\\\/\\\/www.johanna-swist.de\\\/wpjs\\\/#\\\/schema\\\/person\\\/d0b7dc1b14f1e65d36b522e50ad3fc88\",\"name\":\"wpjs\",\"image\":{\"@type\":\"ImageObject\",\"inLanguage\":\"de\",\"@id\":\"https:\\\/\\\/secure.gravatar.com\\\/avatar\\\/be04adcded5f1f62131e2872eac201e5485665acea15fe47c8974419e69bfce9?s=96&d=mm&r=g\",\"url\":\"https:\\\/\\\/secure.gravatar.com\\\/avatar\\\/be04adcded5f1f62131e2872eac201e5485665acea15fe47c8974419e69bfce9?s=96&d=mm&r=g\",\"contentUrl\":\"https:\\\/\\\/secure.gravatar.com\\\/avatar\\\/be04adcded5f1f62131e2872eac201e5485665acea15fe47c8974419e69bfce9?s=96&d=mm&r=g\",\"caption\":\"wpjs\"},\"url\":\"http:\\\/\\\/www.johanna-swist.de\\\/wpjs\\\/author\\\/wpjs\\\/\"}]}<\/script>\n<!-- \/ Yoast SEO plugin. -->","yoast_head_json":{"title":"Verteilung der Insolvenzmasse | Rechtsanwalt Arbeitsrecht","description":"Verteilung der Insolvenzmasse - Rechtsanwalt Arbeitsrecht D\u00fcsseldorf - Kontakt: 0211-8759 8067 sekretariat@johanna-swist.de","robots":{"index":"index","follow":"follow","max-snippet":"max-snippet:-1","max-image-preview":"max-image-preview:large","max-video-preview":"max-video-preview:-1"},"canonical":"http:\/\/www.johanna-swist.de\/wpjs\/de\/insolvenz-im-arbeitsverhaeltnis-ablauf-des-insolvenzverfahrens\/","og_locale":"de_DE","og_type":"article","og_title":"Verteilung der Insolvenzmasse | Rechtsanwalt Arbeitsrecht","og_description":"Verteilung der Insolvenzmasse - Rechtsanwalt Arbeitsrecht D\u00fcsseldorf - Kontakt: 0211-8759 8067 sekretariat@johanna-swist.de","og_url":"http:\/\/www.johanna-swist.de\/wpjs\/de\/insolvenz-im-arbeitsverhaeltnis-ablauf-des-insolvenzverfahrens\/","og_site_name":"swist.legal","article_published_time":"2022-09-24T13:00:53+00:00","article_modified_time":"2022-10-04T07:13:58+00:00","og_image":[{"url":"http:\/\/www.johanna-swist.de\/wpjs\/wp-content\/uploads\/2018\/01\/Recht-und-Steuern-300x173.jpg","type":"","width":"","height":""}],"author":"wpjs","twitter_card":"summary_large_image","twitter_misc":{"Verfasst von":"wpjs","Gesch\u00e4tzte Lesezeit":"4\u00a0Minuten"},"schema":{"@context":"https:\/\/schema.org","@graph":[{"@type":"Article","@id":"http:\/\/www.johanna-swist.de\/wpjs\/de\/insolvenz-im-arbeitsverhaeltnis-ablauf-des-insolvenzverfahrens\/#article","isPartOf":{"@id":"http:\/\/www.johanna-swist.de\/wpjs\/de\/insolvenz-im-arbeitsverhaeltnis-ablauf-des-insolvenzverfahrens\/"},"author":{"name":"wpjs","@id":"http:\/\/www.johanna-swist.de\/wpjs\/#\/schema\/person\/d0b7dc1b14f1e65d36b522e50ad3fc88"},"headline":"Insolvenz im Arbeitsverh\u00e4ltnis: Ablauf des Insolvenzverfahrens und Verteilung der Insolvenzmasse","datePublished":"2022-09-24T13:00:53+00:00","dateModified":"2022-10-04T07:13:58+00:00","mainEntityOfPage":{"@id":"http:\/\/www.johanna-swist.de\/wpjs\/de\/insolvenz-im-arbeitsverhaeltnis-ablauf-des-insolvenzverfahrens\/"},"wordCount":590,"publisher":{"@id":"http:\/\/www.johanna-swist.de\/wpjs\/#organization"},"image":{"@id":"http:\/\/www.johanna-swist.de\/wpjs\/de\/insolvenz-im-arbeitsverhaeltnis-ablauf-des-insolvenzverfahrens\/#primaryimage"},"thumbnailUrl":"http:\/\/www.johanna-swist.de\/wpjs\/wp-content\/uploads\/2018\/01\/Recht-und-Steuern-300x173.jpg","keywords":["Verteilung der Insolvenzmasse"],"articleSection":["AR: Insolvenz im Arbeitsverh\u00e4ltnis"],"inLanguage":"de"},{"@type":"WebPage","@id":"http:\/\/www.johanna-swist.de\/wpjs\/de\/insolvenz-im-arbeitsverhaeltnis-ablauf-des-insolvenzverfahrens\/","url":"http:\/\/www.johanna-swist.de\/wpjs\/de\/insolvenz-im-arbeitsverhaeltnis-ablauf-des-insolvenzverfahrens\/","name":"Verteilung der Insolvenzmasse | Rechtsanwalt Arbeitsrecht","isPartOf":{"@id":"http:\/\/www.johanna-swist.de\/wpjs\/#website"},"primaryImageOfPage":{"@id":"http:\/\/www.johanna-swist.de\/wpjs\/de\/insolvenz-im-arbeitsverhaeltnis-ablauf-des-insolvenzverfahrens\/#primaryimage"},"image":{"@id":"http:\/\/www.johanna-swist.de\/wpjs\/de\/insolvenz-im-arbeitsverhaeltnis-ablauf-des-insolvenzverfahrens\/#primaryimage"},"thumbnailUrl":"http:\/\/www.johanna-swist.de\/wpjs\/wp-content\/uploads\/2018\/01\/Recht-und-Steuern-300x173.jpg","datePublished":"2022-09-24T13:00:53+00:00","dateModified":"2022-10-04T07:13:58+00:00","description":"Verteilung der Insolvenzmasse - Rechtsanwalt Arbeitsrecht D\u00fcsseldorf - Kontakt: 0211-8759 8067 sekretariat@johanna-swist.de","breadcrumb":{"@id":"http:\/\/www.johanna-swist.de\/wpjs\/de\/insolvenz-im-arbeitsverhaeltnis-ablauf-des-insolvenzverfahrens\/#breadcrumb"},"inLanguage":"de","potentialAction":[{"@type":"ReadAction","target":["http:\/\/www.johanna-swist.de\/wpjs\/de\/insolvenz-im-arbeitsverhaeltnis-ablauf-des-insolvenzverfahrens\/"]}]},{"@type":"ImageObject","inLanguage":"de","@id":"http:\/\/www.johanna-swist.de\/wpjs\/de\/insolvenz-im-arbeitsverhaeltnis-ablauf-des-insolvenzverfahrens\/#primaryimage","url":"http:\/\/www.johanna-swist.de\/wpjs\/wp-content\/uploads\/2018\/01\/Recht-und-Steuern.jpg","contentUrl":"http:\/\/www.johanna-swist.de\/wpjs\/wp-content\/uploads\/2018\/01\/Recht-und-Steuern.jpg","width":2587,"height":1489},{"@type":"BreadcrumbList","@id":"http:\/\/www.johanna-swist.de\/wpjs\/de\/insolvenz-im-arbeitsverhaeltnis-ablauf-des-insolvenzverfahrens\/#breadcrumb","itemListElement":[{"@type":"ListItem","position":1,"name":"Startseite","item":"http:\/\/www.johanna-swist.de\/wpjs\/pl\/kancelaria-2\/"},{"@type":"ListItem","position":2,"name":"Insolvenz im Arbeitsverh\u00e4ltnis: Ablauf des Insolvenzverfahrens und Verteilung der Insolvenzmasse"}]},{"@type":"WebSite","@id":"http:\/\/www.johanna-swist.de\/wpjs\/#website","url":"http:\/\/www.johanna-swist.de\/wpjs\/","name":"swist.legal","description":"","publisher":{"@id":"http:\/\/www.johanna-swist.de\/wpjs\/#organization"},"potentialAction":[{"@type":"SearchAction","target":{"@type":"EntryPoint","urlTemplate":"http:\/\/www.johanna-swist.de\/wpjs\/?s={search_term_string}"},"query-input":{"@type":"PropertyValueSpecification","valueRequired":true,"valueName":"search_term_string"}}],"inLanguage":"de"},{"@type":"Organization","@id":"http:\/\/www.johanna-swist.de\/wpjs\/#organization","name":"swist.legal","url":"http:\/\/www.johanna-swist.de\/wpjs\/","logo":{"@type":"ImageObject","inLanguage":"de","@id":"http:\/\/www.johanna-swist.de\/wpjs\/#\/schema\/logo\/image\/","url":"http:\/\/www.johanna-swist.de\/wpjs\/wp-content\/uploads\/2022\/04\/cropped-cropped-Logo-1-1.jpg","contentUrl":"http:\/\/www.johanna-swist.de\/wpjs\/wp-content\/uploads\/2022\/04\/cropped-cropped-Logo-1-1.jpg","width":512,"height":512,"caption":"swist.legal"},"image":{"@id":"http:\/\/www.johanna-swist.de\/wpjs\/#\/schema\/logo\/image\/"}},{"@type":"Person","@id":"http:\/\/www.johanna-swist.de\/wpjs\/#\/schema\/person\/d0b7dc1b14f1e65d36b522e50ad3fc88","name":"wpjs","image":{"@type":"ImageObject","inLanguage":"de","@id":"https:\/\/secure.gravatar.com\/avatar\/be04adcded5f1f62131e2872eac201e5485665acea15fe47c8974419e69bfce9?s=96&d=mm&r=g","url":"https:\/\/secure.gravatar.com\/avatar\/be04adcded5f1f62131e2872eac201e5485665acea15fe47c8974419e69bfce9?s=96&d=mm&r=g","contentUrl":"https:\/\/secure.gravatar.com\/avatar\/be04adcded5f1f62131e2872eac201e5485665acea15fe47c8974419e69bfce9?s=96&d=mm&r=g","caption":"wpjs"},"url":"http:\/\/www.johanna-swist.de\/wpjs\/author\/wpjs\/"}]}},"_links":{"self":[{"href":"http:\/\/www.johanna-swist.de\/wpjs\/wp-json\/wp\/v2\/posts\/7632","targetHints":{"allow":["GET"]}}],"collection":[{"href":"http:\/\/www.johanna-swist.de\/wpjs\/wp-json\/wp\/v2\/posts"}],"about":[{"href":"http:\/\/www.johanna-swist.de\/wpjs\/wp-json\/wp\/v2\/types\/post"}],"author":[{"embeddable":true,"href":"http:\/\/www.johanna-swist.de\/wpjs\/wp-json\/wp\/v2\/users\/1"}],"replies":[{"embeddable":true,"href":"http:\/\/www.johanna-swist.de\/wpjs\/wp-json\/wp\/v2\/comments?post=7632"}],"version-history":[{"count":5,"href":"http:\/\/www.johanna-swist.de\/wpjs\/wp-json\/wp\/v2\/posts\/7632\/revisions"}],"predecessor-version":[{"id":7656,"href":"http:\/\/www.johanna-swist.de\/wpjs\/wp-json\/wp\/v2\/posts\/7632\/revisions\/7656"}],"wp:attachment":[{"href":"http:\/\/www.johanna-swist.de\/wpjs\/wp-json\/wp\/v2\/media?parent=7632"}],"wp:term":[{"taxonomy":"category","embeddable":true,"href":"http:\/\/www.johanna-swist.de\/wpjs\/wp-json\/wp\/v2\/categories?post=7632"},{"taxonomy":"post_tag","embeddable":true,"href":"http:\/\/www.johanna-swist.de\/wpjs\/wp-json\/wp\/v2\/tags?post=7632"}],"curies":[{"name":"wp","href":"https:\/\/api.w.org\/{rel}","templated":true}]}}