{"id":2117,"date":"2017-07-11T08:52:04","date_gmt":"2017-07-11T08:52:04","guid":{"rendered":"http:\/\/www.johanna-swist.de\/wpjs\/?p=2117"},"modified":"2021-03-20T14:55:26","modified_gmt":"2021-03-20T14:55:26","slug":"nowe-prawo-budowlane-wazne-dla-wszystkich-rzemieslnikow","status":"publish","type":"post","link":"http:\/\/www.johanna-swist.de\/wpjs\/pl\/nowe-prawo-budowlane-wazne-dla-wszystkich-rzemieslnikow\/","title":{"rendered":"Nowe prawo budowlane w Niemczech ! Wa\u017cne dla wszystkich rzemie\u015blnik\u00f3w!"},"content":{"rendered":"<p>&nbsp;<\/p>\n<h1 style=\"text-align: center;\"><span style=\"color: #000000;\">Nowe prawo budowlane w Niemczech<\/span><\/h1>\n<h1 style=\"text-align: center;\"><span style=\"color: #000000;\">Zmiany w niemieckim kodeksie cywilnym\u2013 Przepisy dotycz\u0105ce um\u00f3w o dzie\u0142o i podobnych stosunk\u00f3w prawnych<\/span><\/h1>\n<p>&nbsp;<\/p>\n<h4 style=\"text-align: justify;\"><span style=\"color: #000000;\"><div id=\"mtphr-dnt-2124\" class=\"mtphr-dnt mtphr-dnt-2124 mtphr-dnt-default mtphr-dnt-scroll mtphr-dnt-scroll-left\"><div class=\"mtphr-dnt-wrapper mtphr-dnt-clearfix\"><div class=\"mtphr-dnt-tick-container\"><div class=\"mtphr-dnt-tick-contents\"><div class=\"mtphr-dnt-tick mtphr-dnt-default-tick mtphr-dnt-clearfix \"><h5><span style=\"color: #bf0606\">W przypadku zapyta\u0144 drog\u0105 e-mailow\u0105 prosimy o kr\u00f3tki opis problemu i numer telefonu!<\/span><\/h5><\/div><\/div><\/div><\/div><\/div><\/span><\/h4>\n<p>&nbsp;<\/p>\n<p style=\"text-align: justify;\"><span style=\"color: #000000;\">Dnia 01.01.2018 roku uprawomocni si\u0119 zmiana przepis\u00f3w w niemieckim kodeksie cywilnym odno\u015bnie prawa um\u00f3w o dzie\u0142o, prawa um\u00f3w budowlanych, prawa kontrakt\u00f3w z architektem oraz prawa deweloper\u00f3w budowlanych.<\/span><\/p>\n<p style=\"text-align: justify;\"><span style=\"color: #000000;\">Dotychczas niemiecki kodeks cywilny reguluje jedynie umowy o dzie\u0142o. Dalsze przepisy prawne dotycz\u0105ce um\u00f3w budowlanych nie istnia\u0142y. Strony mog\u0105 ustali\u0107 tak zwane VOB, s\u0105 to og\u00f3lne warunki dotycz\u0105ce zlece\u0144 i wykonywania rob\u00f3t budowlanych. Jednak nie stanowi\u0105 one ustawy. Je\u017celi nie zostan\u0105 one ustalone, to nie b\u0119d\u0105 stosowane.<\/span><\/p>\n<p style=\"text-align: justify;\"><span style=\"color: #000000;\">Spory w zakresie budowlanym zostan\u0105 rozstrzygni\u0119te na podstawie przepis\u00f3w umowy o dzie\u0142o i dalekosi\u0119\u017cnym orzecznictwie najwy\u017cszego s\u0105du niemieckiego do spraw cywilno-prawnych.<\/span><\/p>\n<p style=\"text-align: justify;\"><span style=\"color: #000000;\">Od 01.01.2018 roku ustawa b\u0119dzie rozr\u00f3\u017cnia\u0107 pomi\u0119dzy og\u00f3lnymi przepisami\u00a0 um\u00f3w o dzie\u0142o i specjalnymi przepisami um\u00f3w budowlanych jak i r\u00f3wnie\u017c um\u00f3w budowlanych z\u00a0 konsumentem. Nast\u0105pi\u0105 wa\u017cne zmiany.\u00a0<\/span><\/p>\n<p>&nbsp;<\/p>\n<h3 style=\"text-align: center;\"><span style=\"color: #000000;\">\u201eNowe prawo : Prawo um\u00f3w budowlanych z konsumentem\u201c<\/span><\/h3>\n<p>&nbsp;<\/p>\n<p style=\"text-align: justify;\"><span style=\"color: #000000;\">Umowy budowlane z konsumentem b\u0119d\u0105 zawiera\u0107 nowe przypisy o pouczeniu konsumenta o tre\u015bci umowy, jak r\u00f3wnie\u017c o prawie do odwo\u0142ania si\u0119 od umowy. Rzemie\u015blnik zawieraj\u0105cy umow\u0119 z osob\u0105 fizyczn\u0105 powinien zna\u0107 te przepisy.<\/span><\/p>\n<p>&nbsp;<\/p>\n<h3 style=\"text-align: center;\"><span style=\"color: #000000;\">\u201eNowe prawo: Wydzia\u0142 s\u0105dowy specjalizuj\u0105cy si\u0119 w prawie budowlanym\u201c<\/span><\/h3>\n<p>&nbsp;<\/p>\n<p style=\"text-align: justify;\"><span style=\"color: #000000;\">Ustawodawca zobowi\u0105zuj\u0119 s\u0105dy, aby wprowadzi\u0142y wyspecjalizowane oddzia\u0142y do spraw budowlanych.<\/span><\/p>\n<p>&nbsp;<\/p>\n<h3 style=\"text-align: center;\"><span style=\"color: #000000;\">\u201eNowe prawo budowlane w Niemczech: Ustawa do um\u00f3w odno\u015bnie us\u0142ug architekta i in\u017cyniera\u201c<\/span><\/h3>\n<p>&nbsp;<\/p>\n<p style=\"text-align: justify;\"><span style=\"color: #000000;\">Ponadto zostan\u0105 wprowadzone w niemieckim kodeksie cywilnym ustawy o umowach dotycz\u0105cych us\u0142ug architekta i in\u017cyniera.<\/span><\/p>\n<p>&nbsp;<\/p>\n<h3 style=\"text-align: center;\"><span style=\"color: #000000;\">\u201eNowe prawo budowlane w Niemczech: Umowa dewelopera budowlanego\u201c<\/span><\/h3>\n<p>&nbsp;<\/p>\n<p style=\"text-align: justify;\"><span style=\"color: #000000;\">Poza tym ustawodawca wprowadzi\u0142 w \u017cycie umow\u0119 dewelopera budowlanego.<\/span><\/p>\n<p style=\"text-align: right;\"><span style=\"color: #000000;\">\u00a0<em>Pa\u0144stwa doradca w Niemczech<br \/>\n<\/em><\/span><span style=\"color: #000000;\"><em>Johanna Swist<\/em><\/span><\/p>\n<p>&nbsp;<\/p>\n<p>&nbsp;<\/p>\n<p>&nbsp;<\/p>\n<p><a href=\"http:\/\/www.johanna-swist.de\/wpjs\/pl\/category\/orzecznictwo-w-zakresie-prawa-pracy\/\"><img loading=\"lazy\" decoding=\"async\" class=\"Nowe prawo budowlane w Niemczech aligncenter wp-image-3080\" title=\"Nowe prawo budowlane w Niemczech\" src=\"http:\/\/www.johanna-swist.de\/wpjs\/wp-content\/uploads\/2018\/01\/Prawo-i-podatki-w-Niemcz-300x177.jpg\" alt=\"Nowe prawo budowlane w Niemczech\" width=\"532\" height=\"314\" srcset=\"http:\/\/www.johanna-swist.de\/wpjs\/wp-content\/uploads\/2018\/01\/Prawo-i-podatki-w-Niemcz-300x177.jpg 300w, http:\/\/www.johanna-swist.de\/wpjs\/wp-content\/uploads\/2018\/01\/Prawo-i-podatki-w-Niemcz-768x452.jpg 768w, http:\/\/www.johanna-swist.de\/wpjs\/wp-content\/uploads\/2018\/01\/Prawo-i-podatki-w-Niemcz-1024x603.jpg 1024w\" sizes=\"auto, (max-width: 532px) 100vw, 532px\" \/><\/a><\/p>\n<p>&nbsp;<\/p>\n<p>&nbsp;<\/p>\n<p>&nbsp;<\/p>\n<p style=\"text-align: justify;\"><div class=\"specialtext-content-left effect\"><\/p>\n<h3 style=\"text-align: center;\">Rufen Sie uns an! Tel.: <span style=\"color: #1414ff;\">0211 &#8211; 8759\u00a0 8066<\/span><\/h3>\n<p><\/div><\/p>\n<p>&nbsp;<\/p>\n<p>&nbsp;<\/p>\n","protected":false},"excerpt":{"rendered":"<p>&nbsp; Nowe prawo budowlane w Niemczech Zmiany w niemieckim kodeksie cywilnym\u2013 Przepisy dotycz\u0105ce um\u00f3w o dzie\u0142o i podobnych stosunk\u00f3w prawnych &nbsp; &nbsp; Dnia 01.01.2018 roku uprawomocni si\u0119 zmiana przepis\u00f3w w niemieckim kodeksie cywilnym odno\u015bnie prawa um\u00f3w o dzie\u0142o, prawa um\u00f3w<\/p>\n","protected":false},"author":1,"featured_media":0,"comment_status":"closed","ping_status":"closed","sticky":false,"template":"","format":"standard","meta":{"om_disable_all_campaigns":false,"_monsterinsights_skip_tracking":false,"_monsterinsights_sitenote_active":false,"_monsterinsights_sitenote_note":"","_monsterinsights_sitenote_category":0,"_uf_show_specific_survey":0,"_uf_disable_surveys":false,"footnotes":""},"categories":[1],"tags":[1082],"class_list":["post-2117","post","type-post","status-publish","format-standard","hentry","category-uncategorized","tag-nowe-prawo-budowlane-w-niemczech"],"yoast_head":"<!-- This site is optimized with the Yoast SEO plugin v27.3 - https:\/\/yoast.com\/product\/yoast-seo-wordpress\/ -->\n<title>Nowe prawo budowlane w Niemczech | Adwokat w D\u00fcsseldorf<\/title>\n<meta name=\"description\" content=\"Nowe prawo budowlane w Niemczech - Adwokat w Niemczech - Prawnik w D\u00fcsseldorf - Kontakt: 0211-8759 8067 albo sekretariat@johanna-swist.de\" \/>\n<meta name=\"robots\" content=\"index, follow, max-snippet:-1, max-image-preview:large, max-video-preview:-1\" \/>\n<link rel=\"canonical\" href=\"http:\/\/www.johanna-swist.de\/wpjs\/pl\/nowe-prawo-budowlane-wazne-dla-wszystkich-rzemieslnikow\/\" \/>\n<meta property=\"og:locale\" content=\"de_DE\" \/>\n<meta property=\"og:type\" content=\"article\" \/>\n<meta property=\"og:title\" content=\"Nowe prawo budowlane w Niemczech | Adwokat w D\u00fcsseldorf\" \/>\n<meta property=\"og:description\" content=\"Nowe prawo budowlane w Niemczech - Adwokat w Niemczech - Prawnik w D\u00fcsseldorf - Kontakt: 0211-8759 8067 albo sekretariat@johanna-swist.de\" \/>\n<meta property=\"og:url\" content=\"http:\/\/www.johanna-swist.de\/wpjs\/pl\/nowe-prawo-budowlane-wazne-dla-wszystkich-rzemieslnikow\/\" \/>\n<meta property=\"og:site_name\" content=\"swist.legal\" \/>\n<meta property=\"article:published_time\" content=\"2017-07-11T08:52:04+00:00\" \/>\n<meta property=\"article:modified_time\" content=\"2021-03-20T14:55:26+00:00\" \/>\n<meta property=\"og:image\" content=\"http:\/\/www.johanna-swist.de\/wpjs\/wp-content\/uploads\/2018\/01\/Prawo-i-podatki-w-Niemcz-300x177.jpg\" \/>\n<meta name=\"author\" content=\"wpjs\" \/>\n<meta name=\"twitter:card\" content=\"summary_large_image\" \/>\n<meta name=\"twitter:label1\" content=\"Verfasst von\" \/>\n\t<meta name=\"twitter:data1\" content=\"wpjs\" \/>\n\t<meta name=\"twitter:label2\" content=\"Gesch\u00e4tzte Lesezeit\" \/>\n\t<meta name=\"twitter:data2\" content=\"2\u00a0Minuten\" \/>\n<script type=\"application\/ld+json\" class=\"yoast-schema-graph\">{\"@context\":\"https:\\\/\\\/schema.org\",\"@graph\":[{\"@type\":\"Article\",\"@id\":\"http:\\\/\\\/www.johanna-swist.de\\\/wpjs\\\/pl\\\/nowe-prawo-budowlane-wazne-dla-wszystkich-rzemieslnikow\\\/#article\",\"isPartOf\":{\"@id\":\"http:\\\/\\\/www.johanna-swist.de\\\/wpjs\\\/pl\\\/nowe-prawo-budowlane-wazne-dla-wszystkich-rzemieslnikow\\\/\"},\"author\":{\"name\":\"wpjs\",\"@id\":\"http:\\\/\\\/www.johanna-swist.de\\\/wpjs\\\/#\\\/schema\\\/person\\\/d0b7dc1b14f1e65d36b522e50ad3fc88\"},\"headline\":\"Nowe prawo budowlane w Niemczech ! Wa\u017cne dla wszystkich rzemie\u015blnik\u00f3w!\",\"datePublished\":\"2017-07-11T08:52:04+00:00\",\"dateModified\":\"2021-03-20T14:55:26+00:00\",\"mainEntityOfPage\":{\"@id\":\"http:\\\/\\\/www.johanna-swist.de\\\/wpjs\\\/pl\\\/nowe-prawo-budowlane-wazne-dla-wszystkich-rzemieslnikow\\\/\"},\"wordCount\":350,\"publisher\":{\"@id\":\"http:\\\/\\\/www.johanna-swist.de\\\/wpjs\\\/#organization\"},\"image\":{\"@id\":\"http:\\\/\\\/www.johanna-swist.de\\\/wpjs\\\/pl\\\/nowe-prawo-budowlane-wazne-dla-wszystkich-rzemieslnikow\\\/#primaryimage\"},\"thumbnailUrl\":\"http:\\\/\\\/www.johanna-swist.de\\\/wpjs\\\/wp-content\\\/uploads\\\/2018\\\/01\\\/Prawo-i-podatki-w-Niemcz-300x177.jpg\",\"keywords\":[\"Nowe prawo budowlane w Niemczech\"],\"articleSection\":[\"Uncategorized\"],\"inLanguage\":\"de\"},{\"@type\":\"WebPage\",\"@id\":\"http:\\\/\\\/www.johanna-swist.de\\\/wpjs\\\/pl\\\/nowe-prawo-budowlane-wazne-dla-wszystkich-rzemieslnikow\\\/\",\"url\":\"http:\\\/\\\/www.johanna-swist.de\\\/wpjs\\\/pl\\\/nowe-prawo-budowlane-wazne-dla-wszystkich-rzemieslnikow\\\/\",\"name\":\"Nowe prawo budowlane w Niemczech | Adwokat w D\u00fcsseldorf\",\"isPartOf\":{\"@id\":\"http:\\\/\\\/www.johanna-swist.de\\\/wpjs\\\/#website\"},\"primaryImageOfPage\":{\"@id\":\"http:\\\/\\\/www.johanna-swist.de\\\/wpjs\\\/pl\\\/nowe-prawo-budowlane-wazne-dla-wszystkich-rzemieslnikow\\\/#primaryimage\"},\"image\":{\"@id\":\"http:\\\/\\\/www.johanna-swist.de\\\/wpjs\\\/pl\\\/nowe-prawo-budowlane-wazne-dla-wszystkich-rzemieslnikow\\\/#primaryimage\"},\"thumbnailUrl\":\"http:\\\/\\\/www.johanna-swist.de\\\/wpjs\\\/wp-content\\\/uploads\\\/2018\\\/01\\\/Prawo-i-podatki-w-Niemcz-300x177.jpg\",\"datePublished\":\"2017-07-11T08:52:04+00:00\",\"dateModified\":\"2021-03-20T14:55:26+00:00\",\"description\":\"Nowe prawo budowlane w Niemczech - Adwokat w Niemczech - Prawnik w D\u00fcsseldorf - Kontakt: 0211-8759 8067 albo sekretariat@johanna-swist.de\",\"breadcrumb\":{\"@id\":\"http:\\\/\\\/www.johanna-swist.de\\\/wpjs\\\/pl\\\/nowe-prawo-budowlane-wazne-dla-wszystkich-rzemieslnikow\\\/#breadcrumb\"},\"inLanguage\":\"de\",\"potentialAction\":[{\"@type\":\"ReadAction\",\"target\":[\"http:\\\/\\\/www.johanna-swist.de\\\/wpjs\\\/pl\\\/nowe-prawo-budowlane-wazne-dla-wszystkich-rzemieslnikow\\\/\"]}]},{\"@type\":\"ImageObject\",\"inLanguage\":\"de\",\"@id\":\"http:\\\/\\\/www.johanna-swist.de\\\/wpjs\\\/pl\\\/nowe-prawo-budowlane-wazne-dla-wszystkich-rzemieslnikow\\\/#primaryimage\",\"url\":\"http:\\\/\\\/www.johanna-swist.de\\\/wpjs\\\/wp-content\\\/uploads\\\/2018\\\/01\\\/Prawo-i-podatki-w-Niemcz.jpg\",\"contentUrl\":\"http:\\\/\\\/www.johanna-swist.de\\\/wpjs\\\/wp-content\\\/uploads\\\/2018\\\/01\\\/Prawo-i-podatki-w-Niemcz.jpg\",\"width\":2583,\"height\":1521},{\"@type\":\"BreadcrumbList\",\"@id\":\"http:\\\/\\\/www.johanna-swist.de\\\/wpjs\\\/pl\\\/nowe-prawo-budowlane-wazne-dla-wszystkich-rzemieslnikow\\\/#breadcrumb\",\"itemListElement\":[{\"@type\":\"ListItem\",\"position\":1,\"name\":\"Startseite\",\"item\":\"http:\\\/\\\/www.johanna-swist.de\\\/wpjs\\\/pl\\\/kancelaria-2\\\/\"},{\"@type\":\"ListItem\",\"position\":2,\"name\":\"Nowe prawo budowlane w Niemczech ! Wa\u017cne dla wszystkich rzemie\u015blnik\u00f3w!\"}]},{\"@type\":\"WebSite\",\"@id\":\"http:\\\/\\\/www.johanna-swist.de\\\/wpjs\\\/#website\",\"url\":\"http:\\\/\\\/www.johanna-swist.de\\\/wpjs\\\/\",\"name\":\"swist.legal\",\"description\":\"\",\"publisher\":{\"@id\":\"http:\\\/\\\/www.johanna-swist.de\\\/wpjs\\\/#organization\"},\"potentialAction\":[{\"@type\":\"SearchAction\",\"target\":{\"@type\":\"EntryPoint\",\"urlTemplate\":\"http:\\\/\\\/www.johanna-swist.de\\\/wpjs\\\/?s={search_term_string}\"},\"query-input\":{\"@type\":\"PropertyValueSpecification\",\"valueRequired\":true,\"valueName\":\"search_term_string\"}}],\"inLanguage\":\"de\"},{\"@type\":\"Organization\",\"@id\":\"http:\\\/\\\/www.johanna-swist.de\\\/wpjs\\\/#organization\",\"name\":\"swist.legal\",\"url\":\"http:\\\/\\\/www.johanna-swist.de\\\/wpjs\\\/\",\"logo\":{\"@type\":\"ImageObject\",\"inLanguage\":\"de\",\"@id\":\"http:\\\/\\\/www.johanna-swist.de\\\/wpjs\\\/#\\\/schema\\\/logo\\\/image\\\/\",\"url\":\"http:\\\/\\\/www.johanna-swist.de\\\/wpjs\\\/wp-content\\\/uploads\\\/2022\\\/04\\\/cropped-cropped-Logo-1-1.jpg\",\"contentUrl\":\"http:\\\/\\\/www.johanna-swist.de\\\/wpjs\\\/wp-content\\\/uploads\\\/2022\\\/04\\\/cropped-cropped-Logo-1-1.jpg\",\"width\":512,\"height\":512,\"caption\":\"swist.legal\"},\"image\":{\"@id\":\"http:\\\/\\\/www.johanna-swist.de\\\/wpjs\\\/#\\\/schema\\\/logo\\\/image\\\/\"}},{\"@type\":\"Person\",\"@id\":\"http:\\\/\\\/www.johanna-swist.de\\\/wpjs\\\/#\\\/schema\\\/person\\\/d0b7dc1b14f1e65d36b522e50ad3fc88\",\"name\":\"wpjs\",\"image\":{\"@type\":\"ImageObject\",\"inLanguage\":\"de\",\"@id\":\"https:\\\/\\\/secure.gravatar.com\\\/avatar\\\/be04adcded5f1f62131e2872eac201e5485665acea15fe47c8974419e69bfce9?s=96&d=mm&r=g\",\"url\":\"https:\\\/\\\/secure.gravatar.com\\\/avatar\\\/be04adcded5f1f62131e2872eac201e5485665acea15fe47c8974419e69bfce9?s=96&d=mm&r=g\",\"contentUrl\":\"https:\\\/\\\/secure.gravatar.com\\\/avatar\\\/be04adcded5f1f62131e2872eac201e5485665acea15fe47c8974419e69bfce9?s=96&d=mm&r=g\",\"caption\":\"wpjs\"},\"url\":\"http:\\\/\\\/www.johanna-swist.de\\\/wpjs\\\/author\\\/wpjs\\\/\"}]}<\/script>\n<!-- \/ Yoast SEO plugin. -->","yoast_head_json":{"title":"Nowe prawo budowlane w Niemczech | Adwokat w D\u00fcsseldorf","description":"Nowe prawo budowlane w Niemczech - Adwokat w Niemczech - Prawnik w D\u00fcsseldorf - Kontakt: 0211-8759 8067 albo sekretariat@johanna-swist.de","robots":{"index":"index","follow":"follow","max-snippet":"max-snippet:-1","max-image-preview":"max-image-preview:large","max-video-preview":"max-video-preview:-1"},"canonical":"http:\/\/www.johanna-swist.de\/wpjs\/pl\/nowe-prawo-budowlane-wazne-dla-wszystkich-rzemieslnikow\/","og_locale":"de_DE","og_type":"article","og_title":"Nowe prawo budowlane w Niemczech | Adwokat w D\u00fcsseldorf","og_description":"Nowe prawo budowlane w Niemczech - Adwokat w Niemczech - Prawnik w D\u00fcsseldorf - Kontakt: 0211-8759 8067 albo sekretariat@johanna-swist.de","og_url":"http:\/\/www.johanna-swist.de\/wpjs\/pl\/nowe-prawo-budowlane-wazne-dla-wszystkich-rzemieslnikow\/","og_site_name":"swist.legal","article_published_time":"2017-07-11T08:52:04+00:00","article_modified_time":"2021-03-20T14:55:26+00:00","og_image":[{"url":"http:\/\/www.johanna-swist.de\/wpjs\/wp-content\/uploads\/2018\/01\/Prawo-i-podatki-w-Niemcz-300x177.jpg","type":"","width":"","height":""}],"author":"wpjs","twitter_card":"summary_large_image","twitter_misc":{"Verfasst von":"wpjs","Gesch\u00e4tzte Lesezeit":"2\u00a0Minuten"},"schema":{"@context":"https:\/\/schema.org","@graph":[{"@type":"Article","@id":"http:\/\/www.johanna-swist.de\/wpjs\/pl\/nowe-prawo-budowlane-wazne-dla-wszystkich-rzemieslnikow\/#article","isPartOf":{"@id":"http:\/\/www.johanna-swist.de\/wpjs\/pl\/nowe-prawo-budowlane-wazne-dla-wszystkich-rzemieslnikow\/"},"author":{"name":"wpjs","@id":"http:\/\/www.johanna-swist.de\/wpjs\/#\/schema\/person\/d0b7dc1b14f1e65d36b522e50ad3fc88"},"headline":"Nowe prawo budowlane w Niemczech ! Wa\u017cne dla wszystkich rzemie\u015blnik\u00f3w!","datePublished":"2017-07-11T08:52:04+00:00","dateModified":"2021-03-20T14:55:26+00:00","mainEntityOfPage":{"@id":"http:\/\/www.johanna-swist.de\/wpjs\/pl\/nowe-prawo-budowlane-wazne-dla-wszystkich-rzemieslnikow\/"},"wordCount":350,"publisher":{"@id":"http:\/\/www.johanna-swist.de\/wpjs\/#organization"},"image":{"@id":"http:\/\/www.johanna-swist.de\/wpjs\/pl\/nowe-prawo-budowlane-wazne-dla-wszystkich-rzemieslnikow\/#primaryimage"},"thumbnailUrl":"http:\/\/www.johanna-swist.de\/wpjs\/wp-content\/uploads\/2018\/01\/Prawo-i-podatki-w-Niemcz-300x177.jpg","keywords":["Nowe prawo budowlane w Niemczech"],"articleSection":["Uncategorized"],"inLanguage":"de"},{"@type":"WebPage","@id":"http:\/\/www.johanna-swist.de\/wpjs\/pl\/nowe-prawo-budowlane-wazne-dla-wszystkich-rzemieslnikow\/","url":"http:\/\/www.johanna-swist.de\/wpjs\/pl\/nowe-prawo-budowlane-wazne-dla-wszystkich-rzemieslnikow\/","name":"Nowe prawo budowlane w Niemczech | Adwokat w D\u00fcsseldorf","isPartOf":{"@id":"http:\/\/www.johanna-swist.de\/wpjs\/#website"},"primaryImageOfPage":{"@id":"http:\/\/www.johanna-swist.de\/wpjs\/pl\/nowe-prawo-budowlane-wazne-dla-wszystkich-rzemieslnikow\/#primaryimage"},"image":{"@id":"http:\/\/www.johanna-swist.de\/wpjs\/pl\/nowe-prawo-budowlane-wazne-dla-wszystkich-rzemieslnikow\/#primaryimage"},"thumbnailUrl":"http:\/\/www.johanna-swist.de\/wpjs\/wp-content\/uploads\/2018\/01\/Prawo-i-podatki-w-Niemcz-300x177.jpg","datePublished":"2017-07-11T08:52:04+00:00","dateModified":"2021-03-20T14:55:26+00:00","description":"Nowe prawo budowlane w Niemczech - Adwokat w Niemczech - Prawnik w D\u00fcsseldorf - Kontakt: 0211-8759 8067 albo sekretariat@johanna-swist.de","breadcrumb":{"@id":"http:\/\/www.johanna-swist.de\/wpjs\/pl\/nowe-prawo-budowlane-wazne-dla-wszystkich-rzemieslnikow\/#breadcrumb"},"inLanguage":"de","potentialAction":[{"@type":"ReadAction","target":["http:\/\/www.johanna-swist.de\/wpjs\/pl\/nowe-prawo-budowlane-wazne-dla-wszystkich-rzemieslnikow\/"]}]},{"@type":"ImageObject","inLanguage":"de","@id":"http:\/\/www.johanna-swist.de\/wpjs\/pl\/nowe-prawo-budowlane-wazne-dla-wszystkich-rzemieslnikow\/#primaryimage","url":"http:\/\/www.johanna-swist.de\/wpjs\/wp-content\/uploads\/2018\/01\/Prawo-i-podatki-w-Niemcz.jpg","contentUrl":"http:\/\/www.johanna-swist.de\/wpjs\/wp-content\/uploads\/2018\/01\/Prawo-i-podatki-w-Niemcz.jpg","width":2583,"height":1521},{"@type":"BreadcrumbList","@id":"http:\/\/www.johanna-swist.de\/wpjs\/pl\/nowe-prawo-budowlane-wazne-dla-wszystkich-rzemieslnikow\/#breadcrumb","itemListElement":[{"@type":"ListItem","position":1,"name":"Startseite","item":"http:\/\/www.johanna-swist.de\/wpjs\/pl\/kancelaria-2\/"},{"@type":"ListItem","position":2,"name":"Nowe prawo budowlane w Niemczech ! Wa\u017cne dla wszystkich rzemie\u015blnik\u00f3w!"}]},{"@type":"WebSite","@id":"http:\/\/www.johanna-swist.de\/wpjs\/#website","url":"http:\/\/www.johanna-swist.de\/wpjs\/","name":"swist.legal","description":"","publisher":{"@id":"http:\/\/www.johanna-swist.de\/wpjs\/#organization"},"potentialAction":[{"@type":"SearchAction","target":{"@type":"EntryPoint","urlTemplate":"http:\/\/www.johanna-swist.de\/wpjs\/?s={search_term_string}"},"query-input":{"@type":"PropertyValueSpecification","valueRequired":true,"valueName":"search_term_string"}}],"inLanguage":"de"},{"@type":"Organization","@id":"http:\/\/www.johanna-swist.de\/wpjs\/#organization","name":"swist.legal","url":"http:\/\/www.johanna-swist.de\/wpjs\/","logo":{"@type":"ImageObject","inLanguage":"de","@id":"http:\/\/www.johanna-swist.de\/wpjs\/#\/schema\/logo\/image\/","url":"http:\/\/www.johanna-swist.de\/wpjs\/wp-content\/uploads\/2022\/04\/cropped-cropped-Logo-1-1.jpg","contentUrl":"http:\/\/www.johanna-swist.de\/wpjs\/wp-content\/uploads\/2022\/04\/cropped-cropped-Logo-1-1.jpg","width":512,"height":512,"caption":"swist.legal"},"image":{"@id":"http:\/\/www.johanna-swist.de\/wpjs\/#\/schema\/logo\/image\/"}},{"@type":"Person","@id":"http:\/\/www.johanna-swist.de\/wpjs\/#\/schema\/person\/d0b7dc1b14f1e65d36b522e50ad3fc88","name":"wpjs","image":{"@type":"ImageObject","inLanguage":"de","@id":"https:\/\/secure.gravatar.com\/avatar\/be04adcded5f1f62131e2872eac201e5485665acea15fe47c8974419e69bfce9?s=96&d=mm&r=g","url":"https:\/\/secure.gravatar.com\/avatar\/be04adcded5f1f62131e2872eac201e5485665acea15fe47c8974419e69bfce9?s=96&d=mm&r=g","contentUrl":"https:\/\/secure.gravatar.com\/avatar\/be04adcded5f1f62131e2872eac201e5485665acea15fe47c8974419e69bfce9?s=96&d=mm&r=g","caption":"wpjs"},"url":"http:\/\/www.johanna-swist.de\/wpjs\/author\/wpjs\/"}]}},"_links":{"self":[{"href":"http:\/\/www.johanna-swist.de\/wpjs\/wp-json\/wp\/v2\/posts\/2117","targetHints":{"allow":["GET"]}}],"collection":[{"href":"http:\/\/www.johanna-swist.de\/wpjs\/wp-json\/wp\/v2\/posts"}],"about":[{"href":"http:\/\/www.johanna-swist.de\/wpjs\/wp-json\/wp\/v2\/types\/post"}],"author":[{"embeddable":true,"href":"http:\/\/www.johanna-swist.de\/wpjs\/wp-json\/wp\/v2\/users\/1"}],"replies":[{"embeddable":true,"href":"http:\/\/www.johanna-swist.de\/wpjs\/wp-json\/wp\/v2\/comments?post=2117"}],"version-history":[{"count":11,"href":"http:\/\/www.johanna-swist.de\/wpjs\/wp-json\/wp\/v2\/posts\/2117\/revisions"}],"predecessor-version":[{"id":7256,"href":"http:\/\/www.johanna-swist.de\/wpjs\/wp-json\/wp\/v2\/posts\/2117\/revisions\/7256"}],"wp:attachment":[{"href":"http:\/\/www.johanna-swist.de\/wpjs\/wp-json\/wp\/v2\/media?parent=2117"}],"wp:term":[{"taxonomy":"category","embeddable":true,"href":"http:\/\/www.johanna-swist.de\/wpjs\/wp-json\/wp\/v2\/categories?post=2117"},{"taxonomy":"post_tag","embeddable":true,"href":"http:\/\/www.johanna-swist.de\/wpjs\/wp-json\/wp\/v2\/tags?post=2117"}],"curies":[{"name":"wp","href":"https:\/\/api.w.org\/{rel}","templated":true}]}}